{"id":1942,"date":"2018-06-12T10:10:05","date_gmt":"2018-06-12T08:10:05","guid":{"rendered":"http:\/\/kspnszz.org\/?p=1942"},"modified":"2019-11-05T19:09:06","modified_gmt":"2019-11-05T18:09:06","slug":"informacja-z-posiedzenia-rady-krajowej-sekcji-pozarnictwa-nszz-solidarnosc-z-dnia-7-czerwca-2018-roku","status":"publish","type":"post","link":"https:\/\/kspnszz.org\/index.php\/2018\/06\/12\/informacja-z-posiedzenia-rady-krajowej-sekcji-pozarnictwa-nszz-solidarnosc-z-dnia-7-czerwca-2018-roku\/","title":{"rendered":"Informacja z posiedzenia Rady Krajowej Sekcji Po\u017carnictwa NSZZ SOLIDARNO\u015a\u0106 z dnia 7 czerwca 2018 roku."},"content":{"rendered":"<p>W\u00a0 dniu 7 czerwca w Warszawie odby\u0142o si\u0119 posiedzenie Rady Krajowej Sekcji Po\u017carnictwa NSZZ \u201dSolidarno\u015b\u0107\u201d.<\/p>\n<p>W trakcie posiedzenia ustalono:<\/p>\n<ol>\n<li>Rada podj\u0119\u0142a Uchwa\u0142\u0119 w sprawie zwo\u0142ania sprawozdawczo \u2013 wyborczego Walnego Zebrania Delegat\u00f3w\u00a0 na dzie\u0144 12 wrze\u015bnia 2018r. Rada w czasie rozpatrywania terminu WZD wzi\u0119\u0142a pod uwag\u0119 okres urlopowy, oraz inne okoliczno\u015bci utrudniaj\u0105ce wcze\u015bniejsze zwo\u0142anie posiedzenia WZD. Rada przyj\u0119\u0142a r\u00f3wnie\u017c Uchwa\u0142\u0119 o rozliczeniu koszt\u00f3w poniesionych na organizacj\u0119 WZD\u00a0 22 \u2013 24 maja 2018r.<\/li>\n<\/ol>\n<ol start=\"2\">\n<li>Przyj\u0119to Stanowisko w sprawie projektu Zarz\u0105dzenia Komendanta G\u0142\u00f3wnego PSP zmieniaj\u0105cego wymagania i wzory ubrania specjalnego wg normy PN-EN 469 oraz wdro\u017cenia kurtki lekkiej wed\u0142ug normy PN-EN 15614.<\/li>\n<\/ol>\n<ol start=\"3\">\n<li>Postanowiono wyst\u0105pi\u0107 do Ministra Spraw Wewn\u0119trznych z zapytaniem<br \/>\no ustalenie mo\u017cliwo\u015bci tworzenia \u201ekompletu\u201d ubrania specjalnego z element\u00f3w obj\u0119tych dwoma innymi normami bezpiecze\u0144stwa jak r\u00f3wnie\u017c z wnioskiem<br \/>\no ustalenie, kt\u00f3ry wz\u00f3r ubrania b\u0119dzie obowi\u0105zuj\u0105cy czy wg za\u0142\u0105cznika nr 8<br \/>\nw rozporz\u0105dzeniu MSWiA czy te\u017c wg wzoru zawartego w projekcie Zarz\u0105dzenia KG PSP.<\/li>\n<\/ol>\n<ol start=\"4\">\n<li>Przyj\u0119to Uchwa\u0142\u0119 o przyj\u0119ciu Regionalnej Sekcji Po\u017carnictwa Wielkopolski NSZZ \u201dSolidarno\u015b\u0107\u201d po uzupe\u0142nieniu\u00a0 dokument\u00f3w potrzebnych<br \/>\ndo funkcjonowania w Krajowej Sekcji Po\u017carnictwa.<\/li>\n<\/ol>\n<ol start=\"5\">\n<li>Przyj\u0119to Uchwa\u0142y o wyrejestrowaniu \u015bwi\u0119tokrzyskiej i lubelskiej sekcji mi\u0119dzyregionalnej po\u017carnictwa.<\/li>\n<\/ol>\n<p>Ponadto na wniosek Przewodnicz\u0105cego, Rada Krajowej Sekcji Po\u017carnictwa NSZZ \u201dSolidarno\u015b\u0107\u201d w g\u0142osowaniu tajnym powierzy\u0142a funkcj\u0119 Wiceprzewodnicz\u0105cego kol. Bart\u0142omiejowi Mickiewiczowi.<\/p>\n<p>Szczeg\u00f3\u0142owe dokumenty dotycz\u0105ce posiedzenia zostan\u0105 przedstawione niebawem.<\/p>\n<p>&nbsp;<\/p>\n","protected":false},"excerpt":{"rendered":"<p>W\u00a0 dniu 7 czerwca w Warszawie odby\u0142o si\u0119 posiedzenie Rady Krajowej Sekcji Po\u017carnictwa NSZZ \u201dSolidarno\u015b\u0107\u201d. W trakcie posiedzenia ustalono: Rada podj\u0119\u0142a Uchwa\u0142\u0119 w sprawie zwo\u0142ania sprawozdawczo \u2013 wyborczego Walnego Zebrania Delegat\u00f3w\u00a0 na dzie\u0144 12 wrze\u015bnia 2018r. Rada w czasie rozpatrywania terminu WZD wzi\u0119\u0142a pod uwag\u0119 okres urlopowy, oraz inne okoliczno\u015bci utrudniaj\u0105ce wcze\u015bniejsze zwo\u0142anie posiedzenia WZD. &hellip;<\/p>\n","protected":false},"author":2,"featured_media":1188,"comment_status":"closed","ping_status":"closed","sticky":false,"template":"","format":"standard","meta":{"footnotes":""},"categories":[2,6],"tags":[36],"yoast_head":"<!-- This site is optimized with the Yoast SEO plugin v22.7 - https:\/\/yoast.com\/wordpress\/plugins\/seo\/ -->\n<title>Informacja z posiedzenia Rady Krajowej Sekcji Po\u017carnictwa NSZZ SOLIDARNO\u015a\u0106 z dnia 7 czerwca 2018 roku. - KSPNSZZ<\/title>\n<meta name=\"robots\" content=\"index, follow, max-snippet:-1, max-image-preview:large, max-video-preview:-1\" \/>\n<link rel=\"canonical\" href=\"https:\/\/kspnszz.org\/index.php\/2018\/06\/12\/informacja-z-posiedzenia-rady-krajowej-sekcji-pozarnictwa-nszz-solidarnosc-z-dnia-7-czerwca-2018-roku\/\" \/>\n<meta property=\"og:locale\" content=\"pl_PL\" \/>\n<meta property=\"og:type\" content=\"article\" \/>\n<meta property=\"og:title\" content=\"Informacja z posiedzenia Rady Krajowej Sekcji Po\u017carnictwa NSZZ SOLIDARNO\u015a\u0106 z dnia 7 czerwca 2018 roku. - KSPNSZZ\" \/>\n<meta property=\"og:description\" content=\"W\u00a0 dniu 7 czerwca w Warszawie odby\u0142o si\u0119 posiedzenie Rady Krajowej Sekcji Po\u017carnictwa NSZZ \u201dSolidarno\u015b\u0107\u201d. W trakcie posiedzenia ustalono: Rada podj\u0119\u0142a Uchwa\u0142\u0119 w sprawie zwo\u0142ania sprawozdawczo \u2013 wyborczego Walnego Zebrania Delegat\u00f3w\u00a0 na dzie\u0144 12 wrze\u015bnia 2018r. Rada w czasie rozpatrywania terminu WZD wzi\u0119\u0142a pod uwag\u0119 okres urlopowy, oraz inne okoliczno\u015bci utrudniaj\u0105ce wcze\u015bniejsze zwo\u0142anie posiedzenia WZD. &hellip;\" \/>\n<meta property=\"og:url\" content=\"https:\/\/kspnszz.org\/index.php\/2018\/06\/12\/informacja-z-posiedzenia-rady-krajowej-sekcji-pozarnictwa-nszz-solidarnosc-z-dnia-7-czerwca-2018-roku\/\" \/>\n<meta property=\"og:site_name\" content=\"KSPNSZZ\" \/>\n<meta property=\"article:published_time\" content=\"2018-06-12T08:10:05+00:00\" \/>\n<meta property=\"article:modified_time\" content=\"2019-11-05T18:09:06+00:00\" \/>\n<meta property=\"og:image\" content=\"https:\/\/kspnszz.org\/wp-content\/uploads\/2016\/01\/Logo_KSP-2.jpg\" \/>\n\t<meta property=\"og:image:width\" content=\"1300\" \/>\n\t<meta property=\"og:image:height\" content=\"648\" \/>\n\t<meta property=\"og:image:type\" content=\"image\/jpeg\" \/>\n<meta name=\"author\" content=\"bartlomiej\" \/>\n<meta name=\"twitter:card\" content=\"summary_large_image\" \/>\n<meta name=\"twitter:label1\" content=\"Napisane przez\" \/>\n\t<meta name=\"twitter:data1\" content=\"bartlomiej\" \/>\n\t<meta name=\"twitter:label2\" content=\"Szacowany czas czytania\" \/>\n\t<meta name=\"twitter:data2\" content=\"1 minuta\" \/>\n<script type=\"application\/ld+json\" class=\"yoast-schema-graph\">{\"@context\":\"https:\/\/schema.org\",\"@graph\":[{\"@type\":\"WebPage\",\"@id\":\"https:\/\/kspnszz.org\/index.php\/2018\/06\/12\/informacja-z-posiedzenia-rady-krajowej-sekcji-pozarnictwa-nszz-solidarnosc-z-dnia-7-czerwca-2018-roku\/\",\"url\":\"https:\/\/kspnszz.org\/index.php\/2018\/06\/12\/informacja-z-posiedzenia-rady-krajowej-sekcji-pozarnictwa-nszz-solidarnosc-z-dnia-7-czerwca-2018-roku\/\",\"name\":\"Informacja z posiedzenia Rady Krajowej Sekcji Po\u017carnictwa NSZZ SOLIDARNO\u015a\u0106 z dnia 7 czerwca 2018 roku. - KSPNSZZ\",\"isPartOf\":{\"@id\":\"http:\/\/kspnszz.org\/#website\"},\"primaryImageOfPage\":{\"@id\":\"https:\/\/kspnszz.org\/index.php\/2018\/06\/12\/informacja-z-posiedzenia-rady-krajowej-sekcji-pozarnictwa-nszz-solidarnosc-z-dnia-7-czerwca-2018-roku\/#primaryimage\"},\"image\":{\"@id\":\"https:\/\/kspnszz.org\/index.php\/2018\/06\/12\/informacja-z-posiedzenia-rady-krajowej-sekcji-pozarnictwa-nszz-solidarnosc-z-dnia-7-czerwca-2018-roku\/#primaryimage\"},\"thumbnailUrl\":\"https:\/\/kspnszz.org\/wp-content\/uploads\/2016\/01\/Logo_KSP-2.jpg\",\"datePublished\":\"2018-06-12T08:10:05+00:00\",\"dateModified\":\"2019-11-05T18:09:06+00:00\",\"author\":{\"@id\":\"http:\/\/kspnszz.org\/#\/schema\/person\/31096cf196f706ef50ecbd878903cc13\"},\"breadcrumb\":{\"@id\":\"https:\/\/kspnszz.org\/index.php\/2018\/06\/12\/informacja-z-posiedzenia-rady-krajowej-sekcji-pozarnictwa-nszz-solidarnosc-z-dnia-7-czerwca-2018-roku\/#breadcrumb\"},\"inLanguage\":\"pl-PL\",\"potentialAction\":[{\"@type\":\"ReadAction\",\"target\":[\"https:\/\/kspnszz.org\/index.php\/2018\/06\/12\/informacja-z-posiedzenia-rady-krajowej-sekcji-pozarnictwa-nszz-solidarnosc-z-dnia-7-czerwca-2018-roku\/\"]}]},{\"@type\":\"ImageObject\",\"inLanguage\":\"pl-PL\",\"@id\":\"https:\/\/kspnszz.org\/index.php\/2018\/06\/12\/informacja-z-posiedzenia-rady-krajowej-sekcji-pozarnictwa-nszz-solidarnosc-z-dnia-7-czerwca-2018-roku\/#primaryimage\",\"url\":\"https:\/\/kspnszz.org\/wp-content\/uploads\/2016\/01\/Logo_KSP-2.jpg\",\"contentUrl\":\"https:\/\/kspnszz.org\/wp-content\/uploads\/2016\/01\/Logo_KSP-2.jpg\",\"width\":1300,\"height\":648},{\"@type\":\"BreadcrumbList\",\"@id\":\"https:\/\/kspnszz.org\/index.php\/2018\/06\/12\/informacja-z-posiedzenia-rady-krajowej-sekcji-pozarnictwa-nszz-solidarnosc-z-dnia-7-czerwca-2018-roku\/#breadcrumb\",\"itemListElement\":[{\"@type\":\"ListItem\",\"position\":1,\"name\":\"Strona g\u0142\u00f3wna\",\"item\":\"http:\/\/kspnszz.org\/\"},{\"@type\":\"ListItem\",\"position\":2,\"name\":\"Informacja z posiedzenia Rady Krajowej Sekcji Po\u017carnictwa NSZZ SOLIDARNO\u015a\u0106 z dnia 7 czerwca 2018 roku.\"}]},{\"@type\":\"WebSite\",\"@id\":\"http:\/\/kspnszz.org\/#website\",\"url\":\"http:\/\/kspnszz.org\/\",\"name\":\"KSPNSZZ\",\"description\":\"Krajowa Sekcja Po\u017carnictwa\",\"potentialAction\":[{\"@type\":\"SearchAction\",\"target\":{\"@type\":\"EntryPoint\",\"urlTemplate\":\"http:\/\/kspnszz.org\/?s={search_term_string}\"},\"query-input\":\"required name=search_term_string\"}],\"inLanguage\":\"pl-PL\"},{\"@type\":\"Person\",\"@id\":\"http:\/\/kspnszz.org\/#\/schema\/person\/31096cf196f706ef50ecbd878903cc13\",\"name\":\"bartlomiej\",\"image\":{\"@type\":\"ImageObject\",\"inLanguage\":\"pl-PL\",\"@id\":\"http:\/\/kspnszz.org\/#\/schema\/person\/image\/\",\"url\":\"https:\/\/secure.gravatar.com\/avatar\/cb681656f150968eb94b73c62cf58e52?s=96&d=mm&r=g\",\"contentUrl\":\"https:\/\/secure.gravatar.com\/avatar\/cb681656f150968eb94b73c62cf58e52?s=96&d=mm&r=g\",\"caption\":\"bartlomiej\"},\"url\":\"https:\/\/kspnszz.org\/index.php\/author\/bartlomiej\/\"}]}<\/script>\n<!-- \/ Yoast SEO plugin. -->","yoast_head_json":{"title":"Informacja z posiedzenia Rady Krajowej Sekcji Po\u017carnictwa NSZZ SOLIDARNO\u015a\u0106 z dnia 7 czerwca 2018 roku. - KSPNSZZ","robots":{"index":"index","follow":"follow","max-snippet":"max-snippet:-1","max-image-preview":"max-image-preview:large","max-video-preview":"max-video-preview:-1"},"canonical":"https:\/\/kspnszz.org\/index.php\/2018\/06\/12\/informacja-z-posiedzenia-rady-krajowej-sekcji-pozarnictwa-nszz-solidarnosc-z-dnia-7-czerwca-2018-roku\/","og_locale":"pl_PL","og_type":"article","og_title":"Informacja z posiedzenia Rady Krajowej Sekcji Po\u017carnictwa NSZZ SOLIDARNO\u015a\u0106 z dnia 7 czerwca 2018 roku. - KSPNSZZ","og_description":"W\u00a0 dniu 7 czerwca w Warszawie odby\u0142o si\u0119 posiedzenie Rady Krajowej Sekcji Po\u017carnictwa NSZZ \u201dSolidarno\u015b\u0107\u201d. W trakcie posiedzenia ustalono: Rada podj\u0119\u0142a Uchwa\u0142\u0119 w sprawie zwo\u0142ania sprawozdawczo \u2013 wyborczego Walnego Zebrania Delegat\u00f3w\u00a0 na dzie\u0144 12 wrze\u015bnia 2018r. Rada w czasie rozpatrywania terminu WZD wzi\u0119\u0142a pod uwag\u0119 okres urlopowy, oraz inne okoliczno\u015bci utrudniaj\u0105ce wcze\u015bniejsze zwo\u0142anie posiedzenia WZD. &hellip;","og_url":"https:\/\/kspnszz.org\/index.php\/2018\/06\/12\/informacja-z-posiedzenia-rady-krajowej-sekcji-pozarnictwa-nszz-solidarnosc-z-dnia-7-czerwca-2018-roku\/","og_site_name":"KSPNSZZ","article_published_time":"2018-06-12T08:10:05+00:00","article_modified_time":"2019-11-05T18:09:06+00:00","og_image":[{"width":1300,"height":648,"url":"https:\/\/kspnszz.org\/wp-content\/uploads\/2016\/01\/Logo_KSP-2.jpg","type":"image\/jpeg"}],"author":"bartlomiej","twitter_card":"summary_large_image","twitter_misc":{"Napisane przez":"bartlomiej","Szacowany czas czytania":"1 minuta"},"schema":{"@context":"https:\/\/schema.org","@graph":[{"@type":"WebPage","@id":"https:\/\/kspnszz.org\/index.php\/2018\/06\/12\/informacja-z-posiedzenia-rady-krajowej-sekcji-pozarnictwa-nszz-solidarnosc-z-dnia-7-czerwca-2018-roku\/","url":"https:\/\/kspnszz.org\/index.php\/2018\/06\/12\/informacja-z-posiedzenia-rady-krajowej-sekcji-pozarnictwa-nszz-solidarnosc-z-dnia-7-czerwca-2018-roku\/","name":"Informacja z posiedzenia Rady Krajowej Sekcji Po\u017carnictwa NSZZ SOLIDARNO\u015a\u0106 z dnia 7 czerwca 2018 roku. - KSPNSZZ","isPartOf":{"@id":"http:\/\/kspnszz.org\/#website"},"primaryImageOfPage":{"@id":"https:\/\/kspnszz.org\/index.php\/2018\/06\/12\/informacja-z-posiedzenia-rady-krajowej-sekcji-pozarnictwa-nszz-solidarnosc-z-dnia-7-czerwca-2018-roku\/#primaryimage"},"image":{"@id":"https:\/\/kspnszz.org\/index.php\/2018\/06\/12\/informacja-z-posiedzenia-rady-krajowej-sekcji-pozarnictwa-nszz-solidarnosc-z-dnia-7-czerwca-2018-roku\/#primaryimage"},"thumbnailUrl":"https:\/\/kspnszz.org\/wp-content\/uploads\/2016\/01\/Logo_KSP-2.jpg","datePublished":"2018-06-12T08:10:05+00:00","dateModified":"2019-11-05T18:09:06+00:00","author":{"@id":"http:\/\/kspnszz.org\/#\/schema\/person\/31096cf196f706ef50ecbd878903cc13"},"breadcrumb":{"@id":"https:\/\/kspnszz.org\/index.php\/2018\/06\/12\/informacja-z-posiedzenia-rady-krajowej-sekcji-pozarnictwa-nszz-solidarnosc-z-dnia-7-czerwca-2018-roku\/#breadcrumb"},"inLanguage":"pl-PL","potentialAction":[{"@type":"ReadAction","target":["https:\/\/kspnszz.org\/index.php\/2018\/06\/12\/informacja-z-posiedzenia-rady-krajowej-sekcji-pozarnictwa-nszz-solidarnosc-z-dnia-7-czerwca-2018-roku\/"]}]},{"@type":"ImageObject","inLanguage":"pl-PL","@id":"https:\/\/kspnszz.org\/index.php\/2018\/06\/12\/informacja-z-posiedzenia-rady-krajowej-sekcji-pozarnictwa-nszz-solidarnosc-z-dnia-7-czerwca-2018-roku\/#primaryimage","url":"https:\/\/kspnszz.org\/wp-content\/uploads\/2016\/01\/Logo_KSP-2.jpg","contentUrl":"https:\/\/kspnszz.org\/wp-content\/uploads\/2016\/01\/Logo_KSP-2.jpg","width":1300,"height":648},{"@type":"BreadcrumbList","@id":"https:\/\/kspnszz.org\/index.php\/2018\/06\/12\/informacja-z-posiedzenia-rady-krajowej-sekcji-pozarnictwa-nszz-solidarnosc-z-dnia-7-czerwca-2018-roku\/#breadcrumb","itemListElement":[{"@type":"ListItem","position":1,"name":"Strona g\u0142\u00f3wna","item":"http:\/\/kspnszz.org\/"},{"@type":"ListItem","position":2,"name":"Informacja z posiedzenia Rady Krajowej Sekcji Po\u017carnictwa NSZZ SOLIDARNO\u015a\u0106 z dnia 7 czerwca 2018 roku."}]},{"@type":"WebSite","@id":"http:\/\/kspnszz.org\/#website","url":"http:\/\/kspnszz.org\/","name":"KSPNSZZ","description":"Krajowa Sekcja Po\u017carnictwa","potentialAction":[{"@type":"SearchAction","target":{"@type":"EntryPoint","urlTemplate":"http:\/\/kspnszz.org\/?s={search_term_string}"},"query-input":"required name=search_term_string"}],"inLanguage":"pl-PL"},{"@type":"Person","@id":"http:\/\/kspnszz.org\/#\/schema\/person\/31096cf196f706ef50ecbd878903cc13","name":"bartlomiej","image":{"@type":"ImageObject","inLanguage":"pl-PL","@id":"http:\/\/kspnszz.org\/#\/schema\/person\/image\/","url":"https:\/\/secure.gravatar.com\/avatar\/cb681656f150968eb94b73c62cf58e52?s=96&d=mm&r=g","contentUrl":"https:\/\/secure.gravatar.com\/avatar\/cb681656f150968eb94b73c62cf58e52?s=96&d=mm&r=g","caption":"bartlomiej"},"url":"https:\/\/kspnszz.org\/index.php\/author\/bartlomiej\/"}]}},"_links":{"self":[{"href":"https:\/\/kspnszz.org\/index.php\/wp-json\/wp\/v2\/posts\/1942"}],"collection":[{"href":"https:\/\/kspnszz.org\/index.php\/wp-json\/wp\/v2\/posts"}],"about":[{"href":"https:\/\/kspnszz.org\/index.php\/wp-json\/wp\/v2\/types\/post"}],"author":[{"embeddable":true,"href":"https:\/\/kspnszz.org\/index.php\/wp-json\/wp\/v2\/users\/2"}],"replies":[{"embeddable":true,"href":"https:\/\/kspnszz.org\/index.php\/wp-json\/wp\/v2\/comments?post=1942"}],"version-history":[{"count":1,"href":"https:\/\/kspnszz.org\/index.php\/wp-json\/wp\/v2\/posts\/1942\/revisions"}],"predecessor-version":[{"id":1943,"href":"https:\/\/kspnszz.org\/index.php\/wp-json\/wp\/v2\/posts\/1942\/revisions\/1943"}],"wp:featuredmedia":[{"embeddable":true,"href":"https:\/\/kspnszz.org\/index.php\/wp-json\/wp\/v2\/media\/1188"}],"wp:attachment":[{"href":"https:\/\/kspnszz.org\/index.php\/wp-json\/wp\/v2\/media?parent=1942"}],"wp:term":[{"taxonomy":"category","embeddable":true,"href":"https:\/\/kspnszz.org\/index.php\/wp-json\/wp\/v2\/categories?post=1942"},{"taxonomy":"post_tag","embeddable":true,"href":"https:\/\/kspnszz.org\/index.php\/wp-json\/wp\/v2\/tags?post=1942"}],"curies":[{"name":"wp","href":"https:\/\/api.w.org\/{rel}","templated":true}]}}