{"id":1691,"date":"2017-11-18T10:15:54","date_gmt":"2017-11-18T09:15:54","guid":{"rendered":"http:\/\/kspnszz.org\/?p=1691"},"modified":"2017-11-18T10:15:54","modified_gmt":"2017-11-18T09:15:54","slug":"posiedzenie-rady-fundacji-solidarni-2","status":"publish","type":"post","link":"https:\/\/kspnszz.org\/index.php\/2017\/11\/18\/posiedzenie-rady-fundacji-solidarni-2\/","title":{"rendered":"Posiedzenie Rady Fundacji ,,Solidarni\u201d"},"content":{"rendered":"<p>W dniu 15 listopada 2017 roku w dniu 15 listopada roku w budynku Komendy Wojew\u00f3dzkiej PSP w Warszawie odby\u0142o si\u0119 posiedzenie Rady Fundacji ,,Solidarni\u201d kt\u00f3ra tworz\u0105 przewodnicz\u0105cy trzech central zwi\u0105zkowych dzia\u0142aj\u0105cych w\u00a0strukturach PSP (KSP NSZZ Solidarno\u015b\u0107, ZZS Florian i NSZZ Pracownik\u00f3w Po\u017carnictwa).<\/p>\n<p>W posiedzeniu udzia\u0142 brali: Prezes Zarz\u0105du Fundacji kol. Marek Garniewicz oraz\u00a0 Wiceprezes Zarz\u0105du kol. Jacek Piwi\u0144ski.<\/p>\n<p>Omawiaj\u0105c wraz z przedstawicielami Zarz\u0105du bie\u017c\u0105c\u0105 dzia\u0142alno\u015b\u0107 i prac\u0119 naszej Fundacji przyj\u0119to informacj\u0119 i dokonano podsumowania w nast\u0119puj\u0105cych tematach:<\/p>\n<p>&#8211; Informacji finansowej Zarz\u0105du w zakresie udzielanej pomocy oraz \u00a0\u00a0podejmowanych dzia\u0142a\u0144 z zakresu profilaktyki zdrowotnej (m.in. zrealizowano turnus dla rodzin beneficjent\u00f3w Fundacji we wsp\u00f3\u0142pracy z fundacj\u0105 Dorastaj z\u00a0Nami na podstawie porozumienia z grudnia 2016r).<\/p>\n<p>&#8211; Dokonano podsumowania Akcji zbi\u00f3rki pomocy rodzinom stra\u017cak\u00f3w z KM PSP w\u00a0Bia\u0142ymstoku &#8211; Dzia\u0142ania Fundacji polega\u0142y na udzieleniu pomocy w wysoko\u015bci 5000,-z\u0142 dla ka\u017cdej z Rodzin oraz prowadzeniu wsp\u00f3lnej zbi\u00f3rki \u015brodk\u00f3w finansowych w ramach porozumienia z Fundacj\u0105 Dorastaj z Nami pod patronatem Komendanta G\u0142\u00f3wnego PSP. Akcj\u0119 zako\u0144czono w dniu<br \/>\n16 pa\u017adziernika 2017 roku przekazaniem zebranych \u015brodk\u00f3w w r\u00f3wnej cz\u0119\u015bci dla ka\u017cdej z Rodzin.<\/p>\n<p>&#8211; Informacji Zarz\u0105du w\/s podpisania Aneksu do umowy prewencyjnej z PZU \u017bycie SA (w tym sprawa rozliczenia z PZU) &#8211; Aneks do umowy prewencyjnej podpisano w dniu 19 wrze\u015bnia 2017 roku. W obecnym kszta\u0142cie umo\u017cliwia on rozliczenie \u015brodk\u00f3w przekazanych na pomoc stra\u017cakom (rodzinom) ubezpieczonym grupowo w programie \u201ePSP-2014\u201d, ostateczne przyj\u0119cie rozliczenia ma nast\u0105pi\u0107 w najbli\u017cszych daniach.<\/p>\n<p>&#8211; Przyj\u0119to wst\u0119pn\u0105 informacj\u0119 w zakresie kierunku i harmonogramu prac nad uaktualnieniem oferty i warunk\u00f3w ubezpieczenia dla stra\u017cak\u00f3w \u2013 wst\u0119pnie ustalono termin spotkania Rady Fundacji i Przedstawicieli Zarz\u0105du Fundacji z\u00a0brokerem ubezpieczeniowym MENTOR SA, nadzoruj\u0105cym i prowadz\u0105cym post\u0119powanie w tej sprawie.<\/p>\n<p>Przyjmuj\u0105c zadania do wykonania na najbli\u017cszy okres, podkre\u015blono wag\u0119 jak najszerszego informowania \u015brodowiska po\u017carniczego o pomocy oraz wsparciu, jakie mo\u017cna uzyska\u0107 w ramach statutowej dzia\u0142alno\u015bci naszej Fundacji ,,Solidarni\u201d.<\/p>\n","protected":false},"excerpt":{"rendered":"<p>W dniu 15 listopada 2017 roku w dniu 15 listopada roku w budynku Komendy Wojew\u00f3dzkiej PSP w Warszawie odby\u0142o si\u0119 posiedzenie Rady Fundacji ,,Solidarni\u201d kt\u00f3ra tworz\u0105 przewodnicz\u0105cy trzech central zwi\u0105zkowych dzia\u0142aj\u0105cych w\u00a0strukturach PSP (KSP NSZZ Solidarno\u015b\u0107, ZZS Florian i NSZZ Pracownik\u00f3w Po\u017carnictwa). W posiedzeniu udzia\u0142 brali: Prezes Zarz\u0105du Fundacji kol. Marek Garniewicz oraz\u00a0 Wiceprezes Zarz\u0105du &hellip;<\/p>\n","protected":false},"author":2,"featured_media":1696,"comment_status":"closed","ping_status":"closed","sticky":false,"template":"","format":"standard","meta":{"footnotes":""},"categories":[2],"tags":[66],"yoast_head":"<!-- This site is optimized with the Yoast SEO plugin v22.7 - https:\/\/yoast.com\/wordpress\/plugins\/seo\/ -->\n<title>Posiedzenie Rady Fundacji ,,Solidarni\u201d - KSPNSZZ<\/title>\n<meta name=\"robots\" content=\"index, follow, max-snippet:-1, max-image-preview:large, max-video-preview:-1\" \/>\n<link rel=\"canonical\" href=\"https:\/\/kspnszz.org\/index.php\/2017\/11\/18\/posiedzenie-rady-fundacji-solidarni-2\/\" \/>\n<meta property=\"og:locale\" content=\"pl_PL\" \/>\n<meta property=\"og:type\" content=\"article\" \/>\n<meta property=\"og:title\" content=\"Posiedzenie Rady Fundacji ,,Solidarni\u201d - KSPNSZZ\" \/>\n<meta property=\"og:description\" content=\"W dniu 15 listopada 2017 roku w dniu 15 listopada roku w budynku Komendy Wojew\u00f3dzkiej PSP w Warszawie odby\u0142o si\u0119 posiedzenie Rady Fundacji ,,Solidarni\u201d kt\u00f3ra tworz\u0105 przewodnicz\u0105cy trzech central zwi\u0105zkowych dzia\u0142aj\u0105cych w\u00a0strukturach PSP (KSP NSZZ Solidarno\u015b\u0107, ZZS Florian i NSZZ Pracownik\u00f3w Po\u017carnictwa). W posiedzeniu udzia\u0142 brali: Prezes Zarz\u0105du Fundacji kol. Marek Garniewicz oraz\u00a0 Wiceprezes Zarz\u0105du &hellip;\" \/>\n<meta property=\"og:url\" content=\"https:\/\/kspnszz.org\/index.php\/2017\/11\/18\/posiedzenie-rady-fundacji-solidarni-2\/\" \/>\n<meta property=\"og:site_name\" content=\"KSPNSZZ\" \/>\n<meta property=\"article:published_time\" content=\"2017-11-18T09:15:54+00:00\" \/>\n<meta property=\"og:image\" content=\"https:\/\/kspnszz.org\/wp-content\/uploads\/2017\/11\/20171115_153557.jpg\" \/>\n\t<meta property=\"og:image:width\" content=\"800\" \/>\n\t<meta property=\"og:image:height\" content=\"600\" \/>\n\t<meta property=\"og:image:type\" content=\"image\/jpeg\" \/>\n<meta name=\"author\" content=\"bartlomiej\" \/>\n<meta name=\"twitter:card\" content=\"summary_large_image\" \/>\n<meta name=\"twitter:label1\" content=\"Napisane przez\" \/>\n\t<meta name=\"twitter:data1\" content=\"bartlomiej\" \/>\n\t<meta name=\"twitter:label2\" content=\"Szacowany czas czytania\" \/>\n\t<meta name=\"twitter:data2\" content=\"2 minuty\" \/>\n<script type=\"application\/ld+json\" class=\"yoast-schema-graph\">{\"@context\":\"https:\/\/schema.org\",\"@graph\":[{\"@type\":\"WebPage\",\"@id\":\"https:\/\/kspnszz.org\/index.php\/2017\/11\/18\/posiedzenie-rady-fundacji-solidarni-2\/\",\"url\":\"https:\/\/kspnszz.org\/index.php\/2017\/11\/18\/posiedzenie-rady-fundacji-solidarni-2\/\",\"name\":\"Posiedzenie Rady Fundacji ,,Solidarni\u201d - KSPNSZZ\",\"isPartOf\":{\"@id\":\"http:\/\/kspnszz.org\/#website\"},\"primaryImageOfPage\":{\"@id\":\"https:\/\/kspnszz.org\/index.php\/2017\/11\/18\/posiedzenie-rady-fundacji-solidarni-2\/#primaryimage\"},\"image\":{\"@id\":\"https:\/\/kspnszz.org\/index.php\/2017\/11\/18\/posiedzenie-rady-fundacji-solidarni-2\/#primaryimage\"},\"thumbnailUrl\":\"https:\/\/kspnszz.org\/wp-content\/uploads\/2017\/11\/20171115_153557.jpg\",\"datePublished\":\"2017-11-18T09:15:54+00:00\",\"dateModified\":\"2017-11-18T09:15:54+00:00\",\"author\":{\"@id\":\"http:\/\/kspnszz.org\/#\/schema\/person\/31096cf196f706ef50ecbd878903cc13\"},\"breadcrumb\":{\"@id\":\"https:\/\/kspnszz.org\/index.php\/2017\/11\/18\/posiedzenie-rady-fundacji-solidarni-2\/#breadcrumb\"},\"inLanguage\":\"pl-PL\",\"potentialAction\":[{\"@type\":\"ReadAction\",\"target\":[\"https:\/\/kspnszz.org\/index.php\/2017\/11\/18\/posiedzenie-rady-fundacji-solidarni-2\/\"]}]},{\"@type\":\"ImageObject\",\"inLanguage\":\"pl-PL\",\"@id\":\"https:\/\/kspnszz.org\/index.php\/2017\/11\/18\/posiedzenie-rady-fundacji-solidarni-2\/#primaryimage\",\"url\":\"https:\/\/kspnszz.org\/wp-content\/uploads\/2017\/11\/20171115_153557.jpg\",\"contentUrl\":\"https:\/\/kspnszz.org\/wp-content\/uploads\/2017\/11\/20171115_153557.jpg\",\"width\":800,\"height\":600},{\"@type\":\"BreadcrumbList\",\"@id\":\"https:\/\/kspnszz.org\/index.php\/2017\/11\/18\/posiedzenie-rady-fundacji-solidarni-2\/#breadcrumb\",\"itemListElement\":[{\"@type\":\"ListItem\",\"position\":1,\"name\":\"Strona g\u0142\u00f3wna\",\"item\":\"http:\/\/kspnszz.org\/\"},{\"@type\":\"ListItem\",\"position\":2,\"name\":\"Posiedzenie Rady Fundacji ,,Solidarni\u201d\"}]},{\"@type\":\"WebSite\",\"@id\":\"http:\/\/kspnszz.org\/#website\",\"url\":\"http:\/\/kspnszz.org\/\",\"name\":\"KSPNSZZ\",\"description\":\"Krajowa Sekcja Po\u017carnictwa\",\"potentialAction\":[{\"@type\":\"SearchAction\",\"target\":{\"@type\":\"EntryPoint\",\"urlTemplate\":\"http:\/\/kspnszz.org\/?s={search_term_string}\"},\"query-input\":\"required name=search_term_string\"}],\"inLanguage\":\"pl-PL\"},{\"@type\":\"Person\",\"@id\":\"http:\/\/kspnszz.org\/#\/schema\/person\/31096cf196f706ef50ecbd878903cc13\",\"name\":\"bartlomiej\",\"image\":{\"@type\":\"ImageObject\",\"inLanguage\":\"pl-PL\",\"@id\":\"http:\/\/kspnszz.org\/#\/schema\/person\/image\/\",\"url\":\"https:\/\/secure.gravatar.com\/avatar\/cb681656f150968eb94b73c62cf58e52?s=96&d=mm&r=g\",\"contentUrl\":\"https:\/\/secure.gravatar.com\/avatar\/cb681656f150968eb94b73c62cf58e52?s=96&d=mm&r=g\",\"caption\":\"bartlomiej\"},\"url\":\"https:\/\/kspnszz.org\/index.php\/author\/bartlomiej\/\"}]}<\/script>\n<!-- \/ Yoast SEO plugin. -->","yoast_head_json":{"title":"Posiedzenie Rady Fundacji ,,Solidarni\u201d - KSPNSZZ","robots":{"index":"index","follow":"follow","max-snippet":"max-snippet:-1","max-image-preview":"max-image-preview:large","max-video-preview":"max-video-preview:-1"},"canonical":"https:\/\/kspnszz.org\/index.php\/2017\/11\/18\/posiedzenie-rady-fundacji-solidarni-2\/","og_locale":"pl_PL","og_type":"article","og_title":"Posiedzenie Rady Fundacji ,,Solidarni\u201d - KSPNSZZ","og_description":"W dniu 15 listopada 2017 roku w dniu 15 listopada roku w budynku Komendy Wojew\u00f3dzkiej PSP w Warszawie odby\u0142o si\u0119 posiedzenie Rady Fundacji ,,Solidarni\u201d kt\u00f3ra tworz\u0105 przewodnicz\u0105cy trzech central zwi\u0105zkowych dzia\u0142aj\u0105cych w\u00a0strukturach PSP (KSP NSZZ Solidarno\u015b\u0107, ZZS Florian i NSZZ Pracownik\u00f3w Po\u017carnictwa). W posiedzeniu udzia\u0142 brali: Prezes Zarz\u0105du Fundacji kol. Marek Garniewicz oraz\u00a0 Wiceprezes Zarz\u0105du &hellip;","og_url":"https:\/\/kspnszz.org\/index.php\/2017\/11\/18\/posiedzenie-rady-fundacji-solidarni-2\/","og_site_name":"KSPNSZZ","article_published_time":"2017-11-18T09:15:54+00:00","og_image":[{"width":800,"height":600,"url":"https:\/\/kspnszz.org\/wp-content\/uploads\/2017\/11\/20171115_153557.jpg","type":"image\/jpeg"}],"author":"bartlomiej","twitter_card":"summary_large_image","twitter_misc":{"Napisane przez":"bartlomiej","Szacowany czas czytania":"2 minuty"},"schema":{"@context":"https:\/\/schema.org","@graph":[{"@type":"WebPage","@id":"https:\/\/kspnszz.org\/index.php\/2017\/11\/18\/posiedzenie-rady-fundacji-solidarni-2\/","url":"https:\/\/kspnszz.org\/index.php\/2017\/11\/18\/posiedzenie-rady-fundacji-solidarni-2\/","name":"Posiedzenie Rady Fundacji ,,Solidarni\u201d - KSPNSZZ","isPartOf":{"@id":"http:\/\/kspnszz.org\/#website"},"primaryImageOfPage":{"@id":"https:\/\/kspnszz.org\/index.php\/2017\/11\/18\/posiedzenie-rady-fundacji-solidarni-2\/#primaryimage"},"image":{"@id":"https:\/\/kspnszz.org\/index.php\/2017\/11\/18\/posiedzenie-rady-fundacji-solidarni-2\/#primaryimage"},"thumbnailUrl":"https:\/\/kspnszz.org\/wp-content\/uploads\/2017\/11\/20171115_153557.jpg","datePublished":"2017-11-18T09:15:54+00:00","dateModified":"2017-11-18T09:15:54+00:00","author":{"@id":"http:\/\/kspnszz.org\/#\/schema\/person\/31096cf196f706ef50ecbd878903cc13"},"breadcrumb":{"@id":"https:\/\/kspnszz.org\/index.php\/2017\/11\/18\/posiedzenie-rady-fundacji-solidarni-2\/#breadcrumb"},"inLanguage":"pl-PL","potentialAction":[{"@type":"ReadAction","target":["https:\/\/kspnszz.org\/index.php\/2017\/11\/18\/posiedzenie-rady-fundacji-solidarni-2\/"]}]},{"@type":"ImageObject","inLanguage":"pl-PL","@id":"https:\/\/kspnszz.org\/index.php\/2017\/11\/18\/posiedzenie-rady-fundacji-solidarni-2\/#primaryimage","url":"https:\/\/kspnszz.org\/wp-content\/uploads\/2017\/11\/20171115_153557.jpg","contentUrl":"https:\/\/kspnszz.org\/wp-content\/uploads\/2017\/11\/20171115_153557.jpg","width":800,"height":600},{"@type":"BreadcrumbList","@id":"https:\/\/kspnszz.org\/index.php\/2017\/11\/18\/posiedzenie-rady-fundacji-solidarni-2\/#breadcrumb","itemListElement":[{"@type":"ListItem","position":1,"name":"Strona g\u0142\u00f3wna","item":"http:\/\/kspnszz.org\/"},{"@type":"ListItem","position":2,"name":"Posiedzenie Rady Fundacji ,,Solidarni\u201d"}]},{"@type":"WebSite","@id":"http:\/\/kspnszz.org\/#website","url":"http:\/\/kspnszz.org\/","name":"KSPNSZZ","description":"Krajowa Sekcja Po\u017carnictwa","potentialAction":[{"@type":"SearchAction","target":{"@type":"EntryPoint","urlTemplate":"http:\/\/kspnszz.org\/?s={search_term_string}"},"query-input":"required name=search_term_string"}],"inLanguage":"pl-PL"},{"@type":"Person","@id":"http:\/\/kspnszz.org\/#\/schema\/person\/31096cf196f706ef50ecbd878903cc13","name":"bartlomiej","image":{"@type":"ImageObject","inLanguage":"pl-PL","@id":"http:\/\/kspnszz.org\/#\/schema\/person\/image\/","url":"https:\/\/secure.gravatar.com\/avatar\/cb681656f150968eb94b73c62cf58e52?s=96&d=mm&r=g","contentUrl":"https:\/\/secure.gravatar.com\/avatar\/cb681656f150968eb94b73c62cf58e52?s=96&d=mm&r=g","caption":"bartlomiej"},"url":"https:\/\/kspnszz.org\/index.php\/author\/bartlomiej\/"}]}},"_links":{"self":[{"href":"https:\/\/kspnszz.org\/index.php\/wp-json\/wp\/v2\/posts\/1691"}],"collection":[{"href":"https:\/\/kspnszz.org\/index.php\/wp-json\/wp\/v2\/posts"}],"about":[{"href":"https:\/\/kspnszz.org\/index.php\/wp-json\/wp\/v2\/types\/post"}],"author":[{"embeddable":true,"href":"https:\/\/kspnszz.org\/index.php\/wp-json\/wp\/v2\/users\/2"}],"replies":[{"embeddable":true,"href":"https:\/\/kspnszz.org\/index.php\/wp-json\/wp\/v2\/comments?post=1691"}],"version-history":[{"count":1,"href":"https:\/\/kspnszz.org\/index.php\/wp-json\/wp\/v2\/posts\/1691\/revisions"}],"predecessor-version":[{"id":1697,"href":"https:\/\/kspnszz.org\/index.php\/wp-json\/wp\/v2\/posts\/1691\/revisions\/1697"}],"wp:featuredmedia":[{"embeddable":true,"href":"https:\/\/kspnszz.org\/index.php\/wp-json\/wp\/v2\/media\/1696"}],"wp:attachment":[{"href":"https:\/\/kspnszz.org\/index.php\/wp-json\/wp\/v2\/media?parent=1691"}],"wp:term":[{"taxonomy":"category","embeddable":true,"href":"https:\/\/kspnszz.org\/index.php\/wp-json\/wp\/v2\/categories?post=1691"},{"taxonomy":"post_tag","embeddable":true,"href":"https:\/\/kspnszz.org\/index.php\/wp-json\/wp\/v2\/tags?post=1691"}],"curies":[{"name":"wp","href":"https:\/\/api.w.org\/{rel}","templated":true}]}}