{"id":1598,"date":"2017-07-17T14:52:45","date_gmt":"2017-07-17T12:52:45","guid":{"rendered":"http:\/\/kspnszz.org\/?p=1598"},"modified":"2017-07-17T14:52:45","modified_gmt":"2017-07-17T12:52:45","slug":"zmarl-general-brygadier-feliks-dela","status":"publish","type":"post","link":"https:\/\/kspnszz.org\/index.php\/2017\/07\/17\/zmarl-general-brygadier-feliks-dela\/","title":{"rendered":"Zmar\u0142 genera\u0142 brygadier Feliks Dela"},"content":{"rendered":"<p>14 lipca w wieku 73 lat zmar\u0142 genera\u0142 brygadier Feliks Dela, pierwszy Komendant G\u0142\u00f3wny Pa\u0144stwowej Stra\u017cy Po\u017carnej i wsp\u00f3\u0142tw\u00f3rca Krajowego Systemu Ratowniczo \u2013 Ga\u015bniczego.<\/p>\n<p>Feliks Dela urodzi\u0142 si\u0119 4 pa\u017adziernika 1943 r. we wsi Kalina Ma\u0142a w powiecie miechowskim. W 1948 r. wraz z rodzicami przeni\u00f3s\u0142 si\u0119 do miejscowo\u015bci Miech\u00f3w-Charsznica. Nauk\u0119 w szkole \u015bredniej podj\u0105\u0142 Technikum G\u00f3rniczym w D\u0105browie G\u00f3rniczej. Z tytu\u0142em technika eksploatacji z\u0142\u00f3\u017c w\u0119gla kamiennego, rozpocz\u0105\u0142 po\u017carnicz\u0105 karier\u0119 zawodow\u0105. W latach 1964-1967 studiowa\u0142 w Szkole Oficer\u00f3w Po\u017carnictwa w Warszawie. Po jej uko\u0144czeniu obj\u0105\u0142 stanowisko wyk\u0142adowcy w Szkole Podoficer\u00f3w Po\u017carnictwa w Krakowie.<\/p>\n<p>W styczniu 1971 r. zosta\u0142 zast\u0119pc\u0105 komendanta miejskiego stra\u017cy po\u017carnych w Bytomiu, a nast\u0119pnie komendanta rejonowego stra\u017cy po\u017carnych. W 1976 r. powo\u0142ano go na stanowisko komendanta rejonowego stra\u017cy po\u017carnych. W 1978 r. uko\u0144czy\u0142 studia in\u017cynierskie w Wy\u017cszej Oficerskiej Szkole Po\u017carniczej. Dodatkowo studiowa\u0142 organizacj\u0119 i zarz\u0105dzanie na Uniwersytecie \u015al\u0105skim w Katowicach. W tym czasie bra\u0142 udzia\u0142 w wielu seminariach i konferencjach organizowanych w Polsce i za granic\u0105. W 1984 r. komendant g\u0142\u00f3wny stra\u017cy po\u017carnych mianowa\u0142 go na stanowisko komendanta Szko\u0142y Chor\u0105\u017cych Po\u017carnictwa w Krakowie.<\/p>\n<p>Dzi\u0119ki niezwyk\u0142emu uporowi oraz fachowo\u015bci stworzy\u0142 i zrealizowa\u0142 ostatecznie w 1992 r. \u2013 wizj\u0119 nowoczesnej szko\u0142y, kt\u00f3ra zyska\u0142a nowe obiekty, poligon, m\u0142od\u0105, ambitn\u0105 kadr\u0119, staj\u0105c si\u0119 tym samym najlepsz\u0105 szko\u0142\u0105 po\u017carnicz\u0105 w kraju. W 1991 r. minister spraw wewn\u0119trznych powierzy\u0142 mu misj\u0119 tworzenia prawnych i organizacyjnych podstaw nowoczesnej zawodowej formacji ratowniczej. Po jej wype\u0142nieniu zosta\u0142 pierwszym komendantem g\u0142\u00f3wnym Pa\u0144stwowej Stra\u017cy Po\u017carnej, staj\u0105c na czele si\u0142 ratowniczych bior\u0105cych udzia\u0142 w wielkich i skomplikowanych akcjach ratowniczo-ga\u015bniczych, m. in. takich jak: po\u017car las\u00f3w w Ku\u017ani Raciborskiej (1992), wybuch gazu w budynku mieszkalnym w Gda\u0144sku (1994), dzia\u0142ania ratownicze podczas powodzi \u201etysi\u0105clecia\u201d w Polsce (1997).<\/p>\n<p>Dzi\u0119ki niemu stra\u017c po\u017carna zdoby\u0142a wysokie spo\u0142ecznie uznanie jako jedna z najbardziej profesjonalnych s\u0142u\u017cb w kraju, gotowa nie\u015b\u0107 pomoc podczas ka\u017cdego zagro\u017cenia. Jego zas\u0142ug\u0105 jest unowocze\u015bnienie technicznego wyposa\u017cenia stra\u017cy po\u017carnych, odm\u0142odzenie kadry i wzrost poziomu jej wykszta\u0142cenia. W wyniku jego dzia\u0142ania nast\u0105pi\u0142a tak\u017ce znacz\u0105ca przemiana w \u015bwiadomo\u015bci stra\u017cak\u00f3w i spo\u0142ecze\u0144stwa. Jego zas\u0142ug\u0105 jest budowa dziesi\u0105tk\u00f3w nowoczesnych stra\u017cnic i modernizacja ponad 200 stra\u017cnic, wykszta\u0142cenie setek oficer\u00f3w i prawie 2000 aspirant\u00f3w, stworzenie struktur mi\u0119dzynarodowej wsp\u00f3\u0142pracy po\u017carniczej oraz grup szybkiego reagowania.<\/p>\n<p>W listopadzie 1992 r. zosta\u0142 uhonorowany awansem na stopie\u0144 nadbrygadiera. Pi\u0119\u0107 lat p\u00f3\u017aniej uzyska\u0142 stopie\u0144 genera\u0142a brygadiera. Jest kawalerem Krzy\u017ca Oficerskiego Orderu Polonia Restituta (1992). W 1994 r. zosta\u0142 odznaczony Z\u0142otym Znakiem Zwi\u0105zku Ochotniczych Stra\u017cy Po\u017carnych RP.<\/p>\n<p>Jest g\u0142\u00f3wnym architektem gruntownych przemian w systemie ochrony przeciwpo\u017carowej, tw\u00f3rc\u0105 nowoczesnych s\u0142u\u017cb ratowniczych Pa\u0144stwowej Stra\u017cy Po\u017carnej oraz autorem krajowego systemu ratowniczo-ga\u015bniczego do zwalczania r\u00f3\u017cnego rodzaju zagro\u017ce\u0144 dla ludzkiego \u017cycia i mienia oraz \u015brodowiska naturalnego. Jako szef Obrony Cywilnej Kraju w latach 1997-1998, zapocz\u0105tkowa\u0142 wdra\u017canie nowoczesnego systemu bezpiecze\u0144stwa cywilnego pa\u0144stwa.<\/p>\n<p>Przeszed\u0142 w stan spoczynku w 1998 r. W 2000 r. przygotowa\u0142 koncepcj\u0119 wsp\u00f3\u0142czesnego systemu szkolenia ochotniczych stra\u017cy po\u017carnych i nowoczesnej spo\u0142ecznej formacji ratowniczej. Opracowany pod jego przewodnictwem program \u201eFeniks 2020\u201d zyska\u0142 aprobat\u0119 Prezydium Zarz\u0105du G\u0142\u00f3wnego ZOSP RP, kt\u00f3rego jest cz\u0142onkiem. Przygotowa\u0142 Narodowy program bezpiecze\u0144stwa cywilnego, nadaj\u0105c wysok\u0105 rang\u0119 spo\u0142ecznym formacjom ratowniczym, w kt\u00f3rych upatruje fundament systemu bezpiecze\u0144stwa cywilnego pa\u0144stwa.<\/p>\n<p>W 2001 r. minister spraw wewn\u0119trznych i administracji zaproponowa\u0142 mu stanowisko dyrektora Departamentu Bezpiecze\u0144stwa Powszechnego MSWiA. Po przyj\u0119ciu tej propozycji reprezentowa\u0142 rz\u0105d przed komisjami sejmowymi, przyczyniaj\u0105c si\u0119 do wprowadzenia w \u017cycie ustawy o stanie kl\u0119ski \u017cywio\u0142owej, kt\u00f3ra stworzy\u0142a prawne podwaliny nowoczesnego systemu zarz\u0105dzania kryzysowego w Polsce. Jest inicjatorem i autorem wielu wykonawczych akt\u00f3w prawnych do ustaw w zakresie prawa kryzysowego i ratownictwa.<\/p>\n<p>W lipcu 2002 r. zosta\u0142 dyrektorem Centralnego Muzeum Po\u017carnictwa w Mys\u0142owicach i szefem zespo\u0142u koncepcyjnego do opracowania ustaw o krajowym systemie ratowniczym, obronie cywilnej i s\u0142u\u017cbach ratowniczych, pe\u0142ni\u0105c jednocze\u015bnie funkcj\u0119 doradcy sekretarza stanu w MSWiA do spraw bezpiecze\u0144stwa powszechnego pa\u0144stwa.<\/p>\n<p>CZE\u015a\u0106 JEGO PAMI\u0118CI !!!<\/p>\n","protected":false},"excerpt":{"rendered":"<p>14 lipca w wieku 73 lat zmar\u0142 genera\u0142 brygadier Feliks Dela, pierwszy Komendant G\u0142\u00f3wny Pa\u0144stwowej Stra\u017cy Po\u017carnej i wsp\u00f3\u0142tw\u00f3rca Krajowego Systemu Ratowniczo \u2013 Ga\u015bniczego. Feliks Dela urodzi\u0142 si\u0119 4 pa\u017adziernika 1943 r. we wsi Kalina Ma\u0142a w powiecie miechowskim. W 1948 r. wraz z rodzicami przeni\u00f3s\u0142 si\u0119 do miejscowo\u015bci Miech\u00f3w-Charsznica. Nauk\u0119 w szkole \u015bredniej podj\u0105\u0142 &hellip;<\/p>\n","protected":false},"author":2,"featured_media":1597,"comment_status":"closed","ping_status":"closed","sticky":false,"template":"","format":"standard","meta":{"footnotes":""},"categories":[2],"tags":[],"yoast_head":"<!-- This site is optimized with the Yoast SEO plugin v22.7 - https:\/\/yoast.com\/wordpress\/plugins\/seo\/ -->\n<title>Zmar\u0142 genera\u0142 brygadier Feliks Dela - KSPNSZZ<\/title>\n<meta name=\"robots\" content=\"index, follow, max-snippet:-1, max-image-preview:large, max-video-preview:-1\" \/>\n<link rel=\"canonical\" href=\"http:\/\/kspnszz.org\/index.php\/2017\/07\/17\/zmarl-general-brygadier-feliks-dela\/\" \/>\n<meta property=\"og:locale\" content=\"pl_PL\" \/>\n<meta property=\"og:type\" content=\"article\" \/>\n<meta property=\"og:title\" content=\"Zmar\u0142 genera\u0142 brygadier Feliks Dela - KSPNSZZ\" \/>\n<meta property=\"og:description\" content=\"14 lipca w wieku 73 lat zmar\u0142 genera\u0142 brygadier Feliks Dela, pierwszy Komendant G\u0142\u00f3wny Pa\u0144stwowej Stra\u017cy Po\u017carnej i wsp\u00f3\u0142tw\u00f3rca Krajowego Systemu Ratowniczo \u2013 Ga\u015bniczego. Feliks Dela urodzi\u0142 si\u0119 4 pa\u017adziernika 1943 r. we wsi Kalina Ma\u0142a w powiecie miechowskim. W 1948 r. wraz z rodzicami przeni\u00f3s\u0142 si\u0119 do miejscowo\u015bci Miech\u00f3w-Charsznica. Nauk\u0119 w szkole \u015bredniej podj\u0105\u0142 &hellip;\" \/>\n<meta property=\"og:url\" content=\"http:\/\/kspnszz.org\/index.php\/2017\/07\/17\/zmarl-general-brygadier-feliks-dela\/\" \/>\n<meta property=\"og:site_name\" content=\"KSPNSZZ\" \/>\n<meta property=\"article:published_time\" content=\"2017-07-17T12:52:45+00:00\" \/>\n<meta property=\"og:image\" content=\"http:\/\/kspnszz.org\/wp-content\/uploads\/2017\/07\/d.jpg\" \/>\n\t<meta property=\"og:image:width\" content=\"737\" \/>\n\t<meta property=\"og:image:height\" content=\"737\" \/>\n\t<meta property=\"og:image:type\" content=\"image\/jpeg\" \/>\n<meta name=\"author\" content=\"bartlomiej\" \/>\n<meta name=\"twitter:card\" content=\"summary_large_image\" \/>\n<meta name=\"twitter:label1\" content=\"Napisane przez\" \/>\n\t<meta name=\"twitter:data1\" content=\"bartlomiej\" \/>\n\t<meta name=\"twitter:label2\" content=\"Szacowany czas czytania\" \/>\n\t<meta name=\"twitter:data2\" content=\"4 minuty\" \/>\n<script type=\"application\/ld+json\" class=\"yoast-schema-graph\">{\"@context\":\"https:\/\/schema.org\",\"@graph\":[{\"@type\":\"WebPage\",\"@id\":\"http:\/\/kspnszz.org\/index.php\/2017\/07\/17\/zmarl-general-brygadier-feliks-dela\/\",\"url\":\"http:\/\/kspnszz.org\/index.php\/2017\/07\/17\/zmarl-general-brygadier-feliks-dela\/\",\"name\":\"Zmar\u0142 genera\u0142 brygadier Feliks Dela - KSPNSZZ\",\"isPartOf\":{\"@id\":\"http:\/\/kspnszz.org\/#website\"},\"primaryImageOfPage\":{\"@id\":\"http:\/\/kspnszz.org\/index.php\/2017\/07\/17\/zmarl-general-brygadier-feliks-dela\/#primaryimage\"},\"image\":{\"@id\":\"http:\/\/kspnszz.org\/index.php\/2017\/07\/17\/zmarl-general-brygadier-feliks-dela\/#primaryimage\"},\"thumbnailUrl\":\"https:\/\/kspnszz.org\/wp-content\/uploads\/2017\/07\/d.jpg\",\"datePublished\":\"2017-07-17T12:52:45+00:00\",\"dateModified\":\"2017-07-17T12:52:45+00:00\",\"author\":{\"@id\":\"http:\/\/kspnszz.org\/#\/schema\/person\/31096cf196f706ef50ecbd878903cc13\"},\"breadcrumb\":{\"@id\":\"http:\/\/kspnszz.org\/index.php\/2017\/07\/17\/zmarl-general-brygadier-feliks-dela\/#breadcrumb\"},\"inLanguage\":\"pl-PL\",\"potentialAction\":[{\"@type\":\"ReadAction\",\"target\":[\"http:\/\/kspnszz.org\/index.php\/2017\/07\/17\/zmarl-general-brygadier-feliks-dela\/\"]}]},{\"@type\":\"ImageObject\",\"inLanguage\":\"pl-PL\",\"@id\":\"http:\/\/kspnszz.org\/index.php\/2017\/07\/17\/zmarl-general-brygadier-feliks-dela\/#primaryimage\",\"url\":\"https:\/\/kspnszz.org\/wp-content\/uploads\/2017\/07\/d.jpg\",\"contentUrl\":\"https:\/\/kspnszz.org\/wp-content\/uploads\/2017\/07\/d.jpg\",\"width\":737,\"height\":737},{\"@type\":\"BreadcrumbList\",\"@id\":\"http:\/\/kspnszz.org\/index.php\/2017\/07\/17\/zmarl-general-brygadier-feliks-dela\/#breadcrumb\",\"itemListElement\":[{\"@type\":\"ListItem\",\"position\":1,\"name\":\"Strona g\u0142\u00f3wna\",\"item\":\"http:\/\/kspnszz.org\/\"},{\"@type\":\"ListItem\",\"position\":2,\"name\":\"Zmar\u0142 genera\u0142 brygadier Feliks Dela\"}]},{\"@type\":\"WebSite\",\"@id\":\"http:\/\/kspnszz.org\/#website\",\"url\":\"http:\/\/kspnszz.org\/\",\"name\":\"KSPNSZZ\",\"description\":\"Krajowa Sekcja Po\u017carnictwa\",\"potentialAction\":[{\"@type\":\"SearchAction\",\"target\":{\"@type\":\"EntryPoint\",\"urlTemplate\":\"http:\/\/kspnszz.org\/?s={search_term_string}\"},\"query-input\":\"required name=search_term_string\"}],\"inLanguage\":\"pl-PL\"},{\"@type\":\"Person\",\"@id\":\"http:\/\/kspnszz.org\/#\/schema\/person\/31096cf196f706ef50ecbd878903cc13\",\"name\":\"bartlomiej\",\"image\":{\"@type\":\"ImageObject\",\"inLanguage\":\"pl-PL\",\"@id\":\"http:\/\/kspnszz.org\/#\/schema\/person\/image\/\",\"url\":\"https:\/\/secure.gravatar.com\/avatar\/cb681656f150968eb94b73c62cf58e52?s=96&d=mm&r=g\",\"contentUrl\":\"https:\/\/secure.gravatar.com\/avatar\/cb681656f150968eb94b73c62cf58e52?s=96&d=mm&r=g\",\"caption\":\"bartlomiej\"},\"url\":\"https:\/\/kspnszz.org\/index.php\/author\/bartlomiej\/\"}]}<\/script>\n<!-- \/ Yoast SEO plugin. -->","yoast_head_json":{"title":"Zmar\u0142 genera\u0142 brygadier Feliks Dela - KSPNSZZ","robots":{"index":"index","follow":"follow","max-snippet":"max-snippet:-1","max-image-preview":"max-image-preview:large","max-video-preview":"max-video-preview:-1"},"canonical":"http:\/\/kspnszz.org\/index.php\/2017\/07\/17\/zmarl-general-brygadier-feliks-dela\/","og_locale":"pl_PL","og_type":"article","og_title":"Zmar\u0142 genera\u0142 brygadier Feliks Dela - KSPNSZZ","og_description":"14 lipca w wieku 73 lat zmar\u0142 genera\u0142 brygadier Feliks Dela, pierwszy Komendant G\u0142\u00f3wny Pa\u0144stwowej Stra\u017cy Po\u017carnej i wsp\u00f3\u0142tw\u00f3rca Krajowego Systemu Ratowniczo \u2013 Ga\u015bniczego. Feliks Dela urodzi\u0142 si\u0119 4 pa\u017adziernika 1943 r. we wsi Kalina Ma\u0142a w powiecie miechowskim. W 1948 r. wraz z rodzicami przeni\u00f3s\u0142 si\u0119 do miejscowo\u015bci Miech\u00f3w-Charsznica. Nauk\u0119 w szkole \u015bredniej podj\u0105\u0142 &hellip;","og_url":"http:\/\/kspnszz.org\/index.php\/2017\/07\/17\/zmarl-general-brygadier-feliks-dela\/","og_site_name":"KSPNSZZ","article_published_time":"2017-07-17T12:52:45+00:00","og_image":[{"width":737,"height":737,"url":"http:\/\/kspnszz.org\/wp-content\/uploads\/2017\/07\/d.jpg","type":"image\/jpeg"}],"author":"bartlomiej","twitter_card":"summary_large_image","twitter_misc":{"Napisane przez":"bartlomiej","Szacowany czas czytania":"4 minuty"},"schema":{"@context":"https:\/\/schema.org","@graph":[{"@type":"WebPage","@id":"http:\/\/kspnszz.org\/index.php\/2017\/07\/17\/zmarl-general-brygadier-feliks-dela\/","url":"http:\/\/kspnszz.org\/index.php\/2017\/07\/17\/zmarl-general-brygadier-feliks-dela\/","name":"Zmar\u0142 genera\u0142 brygadier Feliks Dela - KSPNSZZ","isPartOf":{"@id":"http:\/\/kspnszz.org\/#website"},"primaryImageOfPage":{"@id":"http:\/\/kspnszz.org\/index.php\/2017\/07\/17\/zmarl-general-brygadier-feliks-dela\/#primaryimage"},"image":{"@id":"http:\/\/kspnszz.org\/index.php\/2017\/07\/17\/zmarl-general-brygadier-feliks-dela\/#primaryimage"},"thumbnailUrl":"https:\/\/kspnszz.org\/wp-content\/uploads\/2017\/07\/d.jpg","datePublished":"2017-07-17T12:52:45+00:00","dateModified":"2017-07-17T12:52:45+00:00","author":{"@id":"http:\/\/kspnszz.org\/#\/schema\/person\/31096cf196f706ef50ecbd878903cc13"},"breadcrumb":{"@id":"http:\/\/kspnszz.org\/index.php\/2017\/07\/17\/zmarl-general-brygadier-feliks-dela\/#breadcrumb"},"inLanguage":"pl-PL","potentialAction":[{"@type":"ReadAction","target":["http:\/\/kspnszz.org\/index.php\/2017\/07\/17\/zmarl-general-brygadier-feliks-dela\/"]}]},{"@type":"ImageObject","inLanguage":"pl-PL","@id":"http:\/\/kspnszz.org\/index.php\/2017\/07\/17\/zmarl-general-brygadier-feliks-dela\/#primaryimage","url":"https:\/\/kspnszz.org\/wp-content\/uploads\/2017\/07\/d.jpg","contentUrl":"https:\/\/kspnszz.org\/wp-content\/uploads\/2017\/07\/d.jpg","width":737,"height":737},{"@type":"BreadcrumbList","@id":"http:\/\/kspnszz.org\/index.php\/2017\/07\/17\/zmarl-general-brygadier-feliks-dela\/#breadcrumb","itemListElement":[{"@type":"ListItem","position":1,"name":"Strona g\u0142\u00f3wna","item":"http:\/\/kspnszz.org\/"},{"@type":"ListItem","position":2,"name":"Zmar\u0142 genera\u0142 brygadier Feliks Dela"}]},{"@type":"WebSite","@id":"http:\/\/kspnszz.org\/#website","url":"http:\/\/kspnszz.org\/","name":"KSPNSZZ","description":"Krajowa Sekcja Po\u017carnictwa","potentialAction":[{"@type":"SearchAction","target":{"@type":"EntryPoint","urlTemplate":"http:\/\/kspnszz.org\/?s={search_term_string}"},"query-input":"required name=search_term_string"}],"inLanguage":"pl-PL"},{"@type":"Person","@id":"http:\/\/kspnszz.org\/#\/schema\/person\/31096cf196f706ef50ecbd878903cc13","name":"bartlomiej","image":{"@type":"ImageObject","inLanguage":"pl-PL","@id":"http:\/\/kspnszz.org\/#\/schema\/person\/image\/","url":"https:\/\/secure.gravatar.com\/avatar\/cb681656f150968eb94b73c62cf58e52?s=96&d=mm&r=g","contentUrl":"https:\/\/secure.gravatar.com\/avatar\/cb681656f150968eb94b73c62cf58e52?s=96&d=mm&r=g","caption":"bartlomiej"},"url":"https:\/\/kspnszz.org\/index.php\/author\/bartlomiej\/"}]}},"_links":{"self":[{"href":"https:\/\/kspnszz.org\/index.php\/wp-json\/wp\/v2\/posts\/1598"}],"collection":[{"href":"https:\/\/kspnszz.org\/index.php\/wp-json\/wp\/v2\/posts"}],"about":[{"href":"https:\/\/kspnszz.org\/index.php\/wp-json\/wp\/v2\/types\/post"}],"author":[{"embeddable":true,"href":"https:\/\/kspnszz.org\/index.php\/wp-json\/wp\/v2\/users\/2"}],"replies":[{"embeddable":true,"href":"https:\/\/kspnszz.org\/index.php\/wp-json\/wp\/v2\/comments?post=1598"}],"version-history":[{"count":1,"href":"https:\/\/kspnszz.org\/index.php\/wp-json\/wp\/v2\/posts\/1598\/revisions"}],"predecessor-version":[{"id":1599,"href":"https:\/\/kspnszz.org\/index.php\/wp-json\/wp\/v2\/posts\/1598\/revisions\/1599"}],"wp:featuredmedia":[{"embeddable":true,"href":"https:\/\/kspnszz.org\/index.php\/wp-json\/wp\/v2\/media\/1597"}],"wp:attachment":[{"href":"https:\/\/kspnszz.org\/index.php\/wp-json\/wp\/v2\/media?parent=1598"}],"wp:term":[{"taxonomy":"category","embeddable":true,"href":"https:\/\/kspnszz.org\/index.php\/wp-json\/wp\/v2\/categories?post=1598"},{"taxonomy":"post_tag","embeddable":true,"href":"https:\/\/kspnszz.org\/index.php\/wp-json\/wp\/v2\/tags?post=1598"}],"curies":[{"name":"wp","href":"https:\/\/api.w.org\/{rel}","templated":true}]}}