{"id":1341,"date":"2016-07-06T21:09:44","date_gmt":"2016-07-06T19:09:44","guid":{"rendered":"http:\/\/kspnszz.org\/?p=1341"},"modified":"2016-12-05T14:06:51","modified_gmt":"2016-12-05T13:06:51","slug":"stanowisko-ksp-ws-sytuacji-mlodych-podoficerow-komendzie-miejskiej-psp-w-bialymstoku","status":"publish","type":"post","link":"https:\/\/kspnszz.org\/index.php\/2016\/07\/06\/stanowisko-ksp-ws-sytuacji-mlodych-podoficerow-komendzie-miejskiej-psp-w-bialymstoku\/","title":{"rendered":"Stanowisko KSP  ws. sytuacji m\u0142odych podoficer\u00f3w Komendzie Miejskiej PSP w Bia\u0142ymstoku."},"content":{"rendered":"<p>W dniu dzisiejszym zgodnie z ustaleniami z Posiedzenia Rady Krajowej Sekcji Po\u017carnictwa NSZZ SOLIDARNO\u015a\u0106 przekazano na r\u0119c\u0119 Komendanta G\u0142\u00f3wnego PSP Stanowisko Rady w sprawie sytuacji m\u0142odych podoficer\u00f3w Komendzie Miejskiej PSP w Bia\u0142ymstoku. W pi\u015bmie przewodnim Przewodnicz\u0105cy KSP Robert Osmycki nadmieni\u0142, i\u017c sprawa bezprawnego wstrzymywania awans\u00f3w stra\u017cak\u00f3w, kt\u00f3rzy uko\u0144czyli szko\u0142\u0119 podoficersk\u0105 i odpowiedni sta\u017c by\u0142a przedmiotem dyskusji od roku 2015. W tym\u017ce roku sta\u0142a si\u0119 przedmiotem interpelacji \u00f3wczesnego Pos\u0142a a teraz Sekretarza Stanu w MSWiA Jaros\u0142awa Zieli\u0144skiego.<\/p>\n<p>Poni\u017cej orygina\u0142y dokument\u00f3w:<\/p>\n<p><a href=\"http:\/\/kspnszz.org\/wp-content\/uploads\/2016\/07\/pismo-dotycz\u0105ce-stanowisk-podoficerskich.pdf\">PISMO PRZEWODNIE<\/a><\/p>\n<p><a href=\"http:\/\/kspnszz.org\/wp-content\/uploads\/2016\/07\/stanowisko-KSP-w-sprawie-podoficer\u00f3w.pdf\">STANOWISKO KSP WS. PODOFICER\u00d3W<\/a><\/p>\n","protected":false},"excerpt":{"rendered":"<p>W dniu dzisiejszym zgodnie z ustaleniami z Posiedzenia Rady Krajowej Sekcji Po\u017carnictwa NSZZ SOLIDARNO\u015a\u0106 przekazano na r\u0119c\u0119 Komendanta G\u0142\u00f3wnego PSP Stanowisko Rady w sprawie sytuacji m\u0142odych podoficer\u00f3w Komendzie Miejskiej PSP w Bia\u0142ymstoku. W pi\u015bmie przewodnim Przewodnicz\u0105cy KSP Robert Osmycki nadmieni\u0142, i\u017c sprawa bezprawnego wstrzymywania awans\u00f3w stra\u017cak\u00f3w, kt\u00f3rzy uko\u0144czyli szko\u0142\u0119 podoficersk\u0105 i odpowiedni sta\u017c by\u0142a przedmiotem &hellip;<\/p>\n","protected":false},"author":2,"featured_media":1173,"comment_status":"closed","ping_status":"closed","sticky":false,"template":"","format":"standard","meta":{"footnotes":""},"categories":[2],"tags":[47],"yoast_head":"<!-- This site is optimized with the Yoast SEO plugin v22.7 - https:\/\/yoast.com\/wordpress\/plugins\/seo\/ -->\n<title>Stanowisko KSP ws. sytuacji m\u0142odych podoficer\u00f3w Komendzie Miejskiej PSP w Bia\u0142ymstoku. - KSPNSZZ<\/title>\n<meta name=\"robots\" content=\"index, follow, max-snippet:-1, max-image-preview:large, max-video-preview:-1\" \/>\n<link rel=\"canonical\" href=\"https:\/\/kspnszz.org\/index.php\/2016\/07\/06\/stanowisko-ksp-ws-sytuacji-mlodych-podoficerow-komendzie-miejskiej-psp-w-bialymstoku\/\" \/>\n<meta property=\"og:locale\" content=\"pl_PL\" \/>\n<meta property=\"og:type\" content=\"article\" \/>\n<meta property=\"og:title\" content=\"Stanowisko KSP ws. sytuacji m\u0142odych podoficer\u00f3w Komendzie Miejskiej PSP w Bia\u0142ymstoku. - KSPNSZZ\" \/>\n<meta property=\"og:description\" content=\"W dniu dzisiejszym zgodnie z ustaleniami z Posiedzenia Rady Krajowej Sekcji Po\u017carnictwa NSZZ SOLIDARNO\u015a\u0106 przekazano na r\u0119c\u0119 Komendanta G\u0142\u00f3wnego PSP Stanowisko Rady w sprawie sytuacji m\u0142odych podoficer\u00f3w Komendzie Miejskiej PSP w Bia\u0142ymstoku. W pi\u015bmie przewodnim Przewodnicz\u0105cy KSP Robert Osmycki nadmieni\u0142, i\u017c sprawa bezprawnego wstrzymywania awans\u00f3w stra\u017cak\u00f3w, kt\u00f3rzy uko\u0144czyli szko\u0142\u0119 podoficersk\u0105 i odpowiedni sta\u017c by\u0142a przedmiotem &hellip;\" \/>\n<meta property=\"og:url\" content=\"https:\/\/kspnszz.org\/index.php\/2016\/07\/06\/stanowisko-ksp-ws-sytuacji-mlodych-podoficerow-komendzie-miejskiej-psp-w-bialymstoku\/\" \/>\n<meta property=\"og:site_name\" content=\"KSPNSZZ\" \/>\n<meta property=\"article:published_time\" content=\"2016-07-06T19:09:44+00:00\" \/>\n<meta property=\"article:modified_time\" content=\"2016-12-05T13:06:51+00:00\" \/>\n<meta property=\"og:image\" content=\"https:\/\/kspnszz.org\/wp-content\/uploads\/2016\/01\/DSC_5358.jpg\" \/>\n\t<meta property=\"og:image:width\" content=\"3872\" \/>\n\t<meta property=\"og:image:height\" content=\"2592\" \/>\n\t<meta property=\"og:image:type\" content=\"image\/jpeg\" \/>\n<meta name=\"author\" content=\"bartlomiej\" \/>\n<meta name=\"twitter:card\" content=\"summary_large_image\" \/>\n<meta name=\"twitter:label1\" content=\"Napisane przez\" \/>\n\t<meta name=\"twitter:data1\" content=\"bartlomiej\" \/>\n\t<meta name=\"twitter:label2\" content=\"Szacowany czas czytania\" \/>\n\t<meta name=\"twitter:data2\" content=\"1 minuta\" \/>\n<script type=\"application\/ld+json\" class=\"yoast-schema-graph\">{\"@context\":\"https:\/\/schema.org\",\"@graph\":[{\"@type\":\"WebPage\",\"@id\":\"https:\/\/kspnszz.org\/index.php\/2016\/07\/06\/stanowisko-ksp-ws-sytuacji-mlodych-podoficerow-komendzie-miejskiej-psp-w-bialymstoku\/\",\"url\":\"https:\/\/kspnszz.org\/index.php\/2016\/07\/06\/stanowisko-ksp-ws-sytuacji-mlodych-podoficerow-komendzie-miejskiej-psp-w-bialymstoku\/\",\"name\":\"Stanowisko KSP ws. sytuacji m\u0142odych podoficer\u00f3w Komendzie Miejskiej PSP w Bia\u0142ymstoku. - KSPNSZZ\",\"isPartOf\":{\"@id\":\"http:\/\/kspnszz.org\/#website\"},\"primaryImageOfPage\":{\"@id\":\"https:\/\/kspnszz.org\/index.php\/2016\/07\/06\/stanowisko-ksp-ws-sytuacji-mlodych-podoficerow-komendzie-miejskiej-psp-w-bialymstoku\/#primaryimage\"},\"image\":{\"@id\":\"https:\/\/kspnszz.org\/index.php\/2016\/07\/06\/stanowisko-ksp-ws-sytuacji-mlodych-podoficerow-komendzie-miejskiej-psp-w-bialymstoku\/#primaryimage\"},\"thumbnailUrl\":\"https:\/\/kspnszz.org\/wp-content\/uploads\/2016\/01\/DSC_5358.jpg\",\"datePublished\":\"2016-07-06T19:09:44+00:00\",\"dateModified\":\"2016-12-05T13:06:51+00:00\",\"author\":{\"@id\":\"http:\/\/kspnszz.org\/#\/schema\/person\/31096cf196f706ef50ecbd878903cc13\"},\"breadcrumb\":{\"@id\":\"https:\/\/kspnszz.org\/index.php\/2016\/07\/06\/stanowisko-ksp-ws-sytuacji-mlodych-podoficerow-komendzie-miejskiej-psp-w-bialymstoku\/#breadcrumb\"},\"inLanguage\":\"pl-PL\",\"potentialAction\":[{\"@type\":\"ReadAction\",\"target\":[\"https:\/\/kspnszz.org\/index.php\/2016\/07\/06\/stanowisko-ksp-ws-sytuacji-mlodych-podoficerow-komendzie-miejskiej-psp-w-bialymstoku\/\"]}]},{\"@type\":\"ImageObject\",\"inLanguage\":\"pl-PL\",\"@id\":\"https:\/\/kspnszz.org\/index.php\/2016\/07\/06\/stanowisko-ksp-ws-sytuacji-mlodych-podoficerow-komendzie-miejskiej-psp-w-bialymstoku\/#primaryimage\",\"url\":\"https:\/\/kspnszz.org\/wp-content\/uploads\/2016\/01\/DSC_5358.jpg\",\"contentUrl\":\"https:\/\/kspnszz.org\/wp-content\/uploads\/2016\/01\/DSC_5358.jpg\",\"width\":3872,\"height\":2592},{\"@type\":\"BreadcrumbList\",\"@id\":\"https:\/\/kspnszz.org\/index.php\/2016\/07\/06\/stanowisko-ksp-ws-sytuacji-mlodych-podoficerow-komendzie-miejskiej-psp-w-bialymstoku\/#breadcrumb\",\"itemListElement\":[{\"@type\":\"ListItem\",\"position\":1,\"name\":\"Strona g\u0142\u00f3wna\",\"item\":\"http:\/\/kspnszz.org\/\"},{\"@type\":\"ListItem\",\"position\":2,\"name\":\"Stanowisko KSP ws. sytuacji m\u0142odych podoficer\u00f3w Komendzie Miejskiej PSP w Bia\u0142ymstoku.\"}]},{\"@type\":\"WebSite\",\"@id\":\"http:\/\/kspnszz.org\/#website\",\"url\":\"http:\/\/kspnszz.org\/\",\"name\":\"KSPNSZZ\",\"description\":\"Krajowa Sekcja Po\u017carnictwa\",\"potentialAction\":[{\"@type\":\"SearchAction\",\"target\":{\"@type\":\"EntryPoint\",\"urlTemplate\":\"http:\/\/kspnszz.org\/?s={search_term_string}\"},\"query-input\":\"required name=search_term_string\"}],\"inLanguage\":\"pl-PL\"},{\"@type\":\"Person\",\"@id\":\"http:\/\/kspnszz.org\/#\/schema\/person\/31096cf196f706ef50ecbd878903cc13\",\"name\":\"bartlomiej\",\"image\":{\"@type\":\"ImageObject\",\"inLanguage\":\"pl-PL\",\"@id\":\"http:\/\/kspnszz.org\/#\/schema\/person\/image\/\",\"url\":\"https:\/\/secure.gravatar.com\/avatar\/cb681656f150968eb94b73c62cf58e52?s=96&d=mm&r=g\",\"contentUrl\":\"https:\/\/secure.gravatar.com\/avatar\/cb681656f150968eb94b73c62cf58e52?s=96&d=mm&r=g\",\"caption\":\"bartlomiej\"},\"url\":\"https:\/\/kspnszz.org\/index.php\/author\/bartlomiej\/\"}]}<\/script>\n<!-- \/ Yoast SEO plugin. -->","yoast_head_json":{"title":"Stanowisko KSP ws. sytuacji m\u0142odych podoficer\u00f3w Komendzie Miejskiej PSP w Bia\u0142ymstoku. - KSPNSZZ","robots":{"index":"index","follow":"follow","max-snippet":"max-snippet:-1","max-image-preview":"max-image-preview:large","max-video-preview":"max-video-preview:-1"},"canonical":"https:\/\/kspnszz.org\/index.php\/2016\/07\/06\/stanowisko-ksp-ws-sytuacji-mlodych-podoficerow-komendzie-miejskiej-psp-w-bialymstoku\/","og_locale":"pl_PL","og_type":"article","og_title":"Stanowisko KSP ws. sytuacji m\u0142odych podoficer\u00f3w Komendzie Miejskiej PSP w Bia\u0142ymstoku. - KSPNSZZ","og_description":"W dniu dzisiejszym zgodnie z ustaleniami z Posiedzenia Rady Krajowej Sekcji Po\u017carnictwa NSZZ SOLIDARNO\u015a\u0106 przekazano na r\u0119c\u0119 Komendanta G\u0142\u00f3wnego PSP Stanowisko Rady w sprawie sytuacji m\u0142odych podoficer\u00f3w Komendzie Miejskiej PSP w Bia\u0142ymstoku. W pi\u015bmie przewodnim Przewodnicz\u0105cy KSP Robert Osmycki nadmieni\u0142, i\u017c sprawa bezprawnego wstrzymywania awans\u00f3w stra\u017cak\u00f3w, kt\u00f3rzy uko\u0144czyli szko\u0142\u0119 podoficersk\u0105 i odpowiedni sta\u017c by\u0142a przedmiotem &hellip;","og_url":"https:\/\/kspnszz.org\/index.php\/2016\/07\/06\/stanowisko-ksp-ws-sytuacji-mlodych-podoficerow-komendzie-miejskiej-psp-w-bialymstoku\/","og_site_name":"KSPNSZZ","article_published_time":"2016-07-06T19:09:44+00:00","article_modified_time":"2016-12-05T13:06:51+00:00","og_image":[{"width":3872,"height":2592,"url":"https:\/\/kspnszz.org\/wp-content\/uploads\/2016\/01\/DSC_5358.jpg","type":"image\/jpeg"}],"author":"bartlomiej","twitter_card":"summary_large_image","twitter_misc":{"Napisane przez":"bartlomiej","Szacowany czas czytania":"1 minuta"},"schema":{"@context":"https:\/\/schema.org","@graph":[{"@type":"WebPage","@id":"https:\/\/kspnszz.org\/index.php\/2016\/07\/06\/stanowisko-ksp-ws-sytuacji-mlodych-podoficerow-komendzie-miejskiej-psp-w-bialymstoku\/","url":"https:\/\/kspnszz.org\/index.php\/2016\/07\/06\/stanowisko-ksp-ws-sytuacji-mlodych-podoficerow-komendzie-miejskiej-psp-w-bialymstoku\/","name":"Stanowisko KSP ws. sytuacji m\u0142odych podoficer\u00f3w Komendzie Miejskiej PSP w Bia\u0142ymstoku. - KSPNSZZ","isPartOf":{"@id":"http:\/\/kspnszz.org\/#website"},"primaryImageOfPage":{"@id":"https:\/\/kspnszz.org\/index.php\/2016\/07\/06\/stanowisko-ksp-ws-sytuacji-mlodych-podoficerow-komendzie-miejskiej-psp-w-bialymstoku\/#primaryimage"},"image":{"@id":"https:\/\/kspnszz.org\/index.php\/2016\/07\/06\/stanowisko-ksp-ws-sytuacji-mlodych-podoficerow-komendzie-miejskiej-psp-w-bialymstoku\/#primaryimage"},"thumbnailUrl":"https:\/\/kspnszz.org\/wp-content\/uploads\/2016\/01\/DSC_5358.jpg","datePublished":"2016-07-06T19:09:44+00:00","dateModified":"2016-12-05T13:06:51+00:00","author":{"@id":"http:\/\/kspnszz.org\/#\/schema\/person\/31096cf196f706ef50ecbd878903cc13"},"breadcrumb":{"@id":"https:\/\/kspnszz.org\/index.php\/2016\/07\/06\/stanowisko-ksp-ws-sytuacji-mlodych-podoficerow-komendzie-miejskiej-psp-w-bialymstoku\/#breadcrumb"},"inLanguage":"pl-PL","potentialAction":[{"@type":"ReadAction","target":["https:\/\/kspnszz.org\/index.php\/2016\/07\/06\/stanowisko-ksp-ws-sytuacji-mlodych-podoficerow-komendzie-miejskiej-psp-w-bialymstoku\/"]}]},{"@type":"ImageObject","inLanguage":"pl-PL","@id":"https:\/\/kspnszz.org\/index.php\/2016\/07\/06\/stanowisko-ksp-ws-sytuacji-mlodych-podoficerow-komendzie-miejskiej-psp-w-bialymstoku\/#primaryimage","url":"https:\/\/kspnszz.org\/wp-content\/uploads\/2016\/01\/DSC_5358.jpg","contentUrl":"https:\/\/kspnszz.org\/wp-content\/uploads\/2016\/01\/DSC_5358.jpg","width":3872,"height":2592},{"@type":"BreadcrumbList","@id":"https:\/\/kspnszz.org\/index.php\/2016\/07\/06\/stanowisko-ksp-ws-sytuacji-mlodych-podoficerow-komendzie-miejskiej-psp-w-bialymstoku\/#breadcrumb","itemListElement":[{"@type":"ListItem","position":1,"name":"Strona g\u0142\u00f3wna","item":"http:\/\/kspnszz.org\/"},{"@type":"ListItem","position":2,"name":"Stanowisko KSP ws. sytuacji m\u0142odych podoficer\u00f3w Komendzie Miejskiej PSP w Bia\u0142ymstoku."}]},{"@type":"WebSite","@id":"http:\/\/kspnszz.org\/#website","url":"http:\/\/kspnszz.org\/","name":"KSPNSZZ","description":"Krajowa Sekcja Po\u017carnictwa","potentialAction":[{"@type":"SearchAction","target":{"@type":"EntryPoint","urlTemplate":"http:\/\/kspnszz.org\/?s={search_term_string}"},"query-input":"required name=search_term_string"}],"inLanguage":"pl-PL"},{"@type":"Person","@id":"http:\/\/kspnszz.org\/#\/schema\/person\/31096cf196f706ef50ecbd878903cc13","name":"bartlomiej","image":{"@type":"ImageObject","inLanguage":"pl-PL","@id":"http:\/\/kspnszz.org\/#\/schema\/person\/image\/","url":"https:\/\/secure.gravatar.com\/avatar\/cb681656f150968eb94b73c62cf58e52?s=96&d=mm&r=g","contentUrl":"https:\/\/secure.gravatar.com\/avatar\/cb681656f150968eb94b73c62cf58e52?s=96&d=mm&r=g","caption":"bartlomiej"},"url":"https:\/\/kspnszz.org\/index.php\/author\/bartlomiej\/"}]}},"_links":{"self":[{"href":"https:\/\/kspnszz.org\/index.php\/wp-json\/wp\/v2\/posts\/1341"}],"collection":[{"href":"https:\/\/kspnszz.org\/index.php\/wp-json\/wp\/v2\/posts"}],"about":[{"href":"https:\/\/kspnszz.org\/index.php\/wp-json\/wp\/v2\/types\/post"}],"author":[{"embeddable":true,"href":"https:\/\/kspnszz.org\/index.php\/wp-json\/wp\/v2\/users\/2"}],"replies":[{"embeddable":true,"href":"https:\/\/kspnszz.org\/index.php\/wp-json\/wp\/v2\/comments?post=1341"}],"version-history":[{"count":1,"href":"https:\/\/kspnszz.org\/index.php\/wp-json\/wp\/v2\/posts\/1341\/revisions"}],"predecessor-version":[{"id":1342,"href":"https:\/\/kspnszz.org\/index.php\/wp-json\/wp\/v2\/posts\/1341\/revisions\/1342"}],"wp:featuredmedia":[{"embeddable":true,"href":"https:\/\/kspnszz.org\/index.php\/wp-json\/wp\/v2\/media\/1173"}],"wp:attachment":[{"href":"https:\/\/kspnszz.org\/index.php\/wp-json\/wp\/v2\/media?parent=1341"}],"wp:term":[{"taxonomy":"category","embeddable":true,"href":"https:\/\/kspnszz.org\/index.php\/wp-json\/wp\/v2\/categories?post=1341"},{"taxonomy":"post_tag","embeddable":true,"href":"https:\/\/kspnszz.org\/index.php\/wp-json\/wp\/v2\/tags?post=1341"}],"curies":[{"name":"wp","href":"https:\/\/api.w.org\/{rel}","templated":true}]}}