{"id":1104,"date":"2015-10-06T14:00:51","date_gmt":"2015-10-06T12:00:51","guid":{"rendered":"http:\/\/kspnszz.org\/?p=1104"},"modified":"2016-01-12T23:16:47","modified_gmt":"2016-01-12T22:16:47","slug":"komunikat-nr-12-2015","status":"publish","type":"post","link":"https:\/\/kspnszz.org\/index.php\/2015\/10\/06\/komunikat-nr-12-2015\/","title":{"rendered":"Komunikat nr 12 \/2015"},"content":{"rendered":"<p style=\"text-align: justify;\"><span style=\"font-size: small;\">W dniu 5 pa\u017adziernika 2015r. odby\u0142o si\u0119 posiedzenie Rady Krajowej Sekcji Po\u017carnictwa NSZZ \u201dSolidarno\u015b\u0107\u201d, podczas kt\u00f3rego om\u00f3wiono dotychczasowe dzia\u0142ania protestacyjne oraz podj\u0119to decyzj\u0119 co dalszego post\u0119powania.<\/span><\/p>\n<p style=\"text-align: justify;\">W pierwszej kolejno\u015bci podsumowano dzia\u0142ania protestacyjne od 30 marca br. do 19 sierpnia br. a nast\u0119pnie dzia\u0142ania po podj\u0119ciu uchwa\u0142y nr 9\/2015 w sprawie rozszerzenia Akcji Protestacyjnej.<\/p>\n<p style=\"text-align: justify;\">Cz\u0142onkowie Rady KSP NSZZ\u201dSolidarno\u015b\u0107\u201d zwr\u00f3cili uwag\u0119, \u017ce w ostatnim czasie do Akcji Protestacyjnej w\u0142\u0105czyli si\u0119 r\u00f3wnie\u017c stra\u017cacy zrzeszenie w r\u00f3\u017cnych zwi\u0105zkach zawodowych a tak\u017ce w du\u017cej liczbie stra\u017cacy niezrzeszeni. Rada Krajowej Sekcji Po\u017carnictwa NSZZ\u201dSolidarno\u015b\u0107\u201d pragnie t\u0105 drog\u0105 wyrazi\u0107 podzi\u0119kowania wszystkim, kt\u00f3rzy brali udzia\u0142 do tej pory w prote\u015bcie.<\/p>\n<p style=\"text-align: justify;\">W spos\u00f3b szczeg\u00f3lny om\u00f3wiono protest w dniach 22 \u2013 25 wrze\u015bnia br. w formie Miasteczka Namiotowego. Om\u00f3wiono jego skutek medialny oraz efekty wymiernych realizacji \u017c\u0105da\u0144 zwi\u0105zku.<\/p>\n<p style=\"text-align: justify;\">Rada Krajowej Sekcji Po\u017carnictwa NSZZ\u201dSolidarno\u015b\u0107\u201d zauwa\u017ca, \u017ce w czasie ca\u0142ego protestu wyst\u0105pi\u0142y nast\u0119puj\u0105ce zdarzenia:<\/p>\n<p style=\"text-align: justify;\">\u2022 O sytuacji w Pa\u0144stwowej Stra\u017cy Po\u017carnej powiadomione zosta\u0142o spo\u0142ecze\u0144stwo poprzez media wszelkiego rodzaju. Na protest w ostatnich dniach zwr\u00f3ci\u0142y uwag\u0119 nie tylko media lokalne ale tak\u017ce media og\u00f3lnokrajowe w tym najwa\u017cniejsze telewizje publiczne i prywatne;<\/p>\n<p style=\"text-align: justify;\">\u2022 Pomimo uznanych jako niezadawalaj\u0105cy efekt, nale\u017cy zauwa\u017cy\u0107, \u017ce Ministerstwo Spraw Wewn\u0119trznych przekaza\u0142o ok. 3,4 mln z\u0142otych na pokrycie koszt\u00f3w wzrostu wys\u0142ugi lat, a w czasie ostatnich rozm\u00f3w przekazano informacj\u0119 o dalszym poszukiwaniu dodatkowych \u015brodk\u00f3w dla komend powiatowych;<\/p>\n<p style=\"text-align: justify;\">\u2022 Pomimo niezadawalaj\u0105cej propozycji wst\u0119pnie 4% a w chwili obecnej 4,6% wzrostu funduszy wynagrodze\u0144 na rok 2016, nale\u017cy przypomnie\u0107, \u017ce jest to pierwsza od pa\u017adziernika 2012 roku kwota zapisana w projekcie bud\u017cetu na rok przysz\u0142y wraz z kosztami przechodz\u0105cymi;<\/p>\n<p style=\"text-align: justify;\">\u2022 Po raz pierwszy od 2008 roku oficjalnie zaplanowano podwy\u017cki dla pracownik\u00f3w m.in. w Pa\u0144stwowej Stra\u017cy Po\u017carnej ze wska\u017anikiem wzrostu 6% na 2016 rok. Trzeba przypomnie\u0107, \u017ce w roku 2014 podniesiono wynagrodzenia pracownikom PSP kosztem funduszy wynagrodze\u0144 stra\u017cak\u00f3w, a \u015brodki przekazana na fundusze wynagrodze\u0144 dla pracownik\u00f3w PSP w roku 2015 jedynie pokry\u0142y te koszty;<\/p>\n<p style=\"text-align: justify;\">\u2022 W projekcie bud\u017cetu pa\u0144stwa na 2016 rok znalaz\u0142y si\u0119 \u015brodki w kwocie ok. 8,3 mln z\u0142otych na pokrycie koszt\u00f3w wys\u0142ugi lat dla Pa\u0144stwowej Stra\u017cy Po\u017carnej oraz ok. 10 mln z\u0142otych na wydatki bie\u017c\u0105ce komend powiatowych;<\/p>\n<p style=\"text-align: justify;\">\u2022 Powo\u0142ane zosta\u0142o Forum Dialogu Spo\u0142ecznego przy Ministrze Spraw Wewn\u0119trznych.<\/p>\n<p style=\"text-align: justify;\">Rada Krajowej Sekcji NSZZ\u201dSolidarno\u015b\u0107\u201d nadal podtrzymuje, \u017ce zaproponowane rozwi\u0105zanie nie jest realizacj\u0105 \u017c\u0105da\u0144 zwi\u0105zku w takiej cz\u0119\u015bci, kt\u00f3r\u0105 mo\u017cna by\u0142oby uzna\u0107 za zadowalaj\u0105c\u0105.<\/p>\n<p style=\"text-align: justify;\">W cz\u0119\u015bci dotycz\u0105cej ustalenia dalszych krok\u00f3w, Rada Krajowej Sekcji Po\u017carnictwa NSZZ\u201dSolidarno\u015b\u0107\u201d wzi\u0119\u0142a pod uwag\u0119 fakt, \u017ce do 30 wrze\u015bnia br. projekt bud\u017cetu pa\u0144stwa na 2016r. powinien wp\u0142yn\u0105\u0107 do Sejmu RP. Ponadto ze wzgl\u0119du na okres kampanii wyborczej uprawnienia Rz\u0105du RP zosta\u0142y mocno ograniczone. Podobnie parlament w kt\u00f3rym Senat RP odby\u0142 ostatnie posiedzenie 1 pa\u017adziernika br. a Sejm RP zako\u0144czy prace 12 pa\u017adziernika br. W tej sytuacji Rada Krajowej Sekcji Po\u017carnictwa NSZZ\u201dSolidarno\u015b\u0107\u201d podj\u0119\u0142a uchwa\u0142\u0119 nr 12\/2015 o zawieszeniu Akcji Protestacyjnej do czasu powo\u0142ania nowego Rz\u0105du i Ministra Spraw Wewn\u0119trznych.<\/p>\n<p style=\"text-align: justify;\">Rada KSP NSZZ\u201dSolidarno\u015b\u0107\u201d podejmuj\u0105c uchwa\u0142\u0119 wzi\u0119\u0142a pod uwag\u0119 sytuacj\u0119 w kt\u00f3rej do czasu powo\u0142ania nowego rz\u0105du oraz do czasu wznowienia prac parlamentu nad projektem bud\u017cetu pa\u0144stwa na rok 2016, nie ma strony uprawnionej do prowadzenia negocjacji i rokowa\u0144. Dlatego te\u017c prowadzenie akcji protestacyjnej w tym czasie mija si\u0119 z celem.<\/p>\n<p style=\"text-align: justify;\">Rada KSP NSZZ\u201dSolidarno\u015b\u0107\u201d podkre\u015bla, \u017ce Akcja Protestacyjna zosta\u0142a zawieszona a nie zako\u0144czona. O dalszym przebiegu Akcji Protestacyjnej i o formach protestu Rada b\u0119dzie podejmowa\u0142a decyzje po powo\u0142aniu nowego Rz\u0105du.<\/p>\n<p style=\"text-align: justify;\">Podczas posiedzenia Rady Krajowej om\u00f3wiono tak\u017ce wydarzenia w wojew\u00f3dztwach. W wypowiedziach zauwa\u017cano, \u017ce wielu komendant\u00f3w negatywnie odnosi\u0142a si\u0119 do Akcji Protestacyjnej pomimo tego, \u017ce najwa\u017cniejsze postulaty dotycz\u0105 wzmocnienia finansowego komend powiatowych i miejskich. Ponadto om\u00f3wiono kwestie zwi\u0105zane z r\u00f3\u017cnymi wydarzeniami w wojew\u00f3dztwach czy te\u017c poszczeg\u00f3lnych komendach. Odniesiono si\u0119 r\u00f3wnie\u017c do rozpowszechnianej przez struktur\u0119 dolno\u015bl\u0105sk\u0105 wojew\u00f3dzk\u0105 ZZS FLORIAN opinii prawnej, za pomoc\u0105 drogi s\u0142u\u017cbowej, kt\u00f3ra wskazuje, \u017ce strajkowanie w Pa\u0144stwowej Stra\u017cy Po\u017carnej jest niedopuszczalne. Rada KSP NSZZ \u201eSolidarno\u015b\u0107\u201d wyrazi\u0142a stanowisko, \u017ce opinia ta nie dotyczy Akcji Protestacyjnej prowadzonej przez KSP, poniewa\u017c nie ma ona znamion strajku a jest protestem co jest dopuszczalne w naszym przypadku. Ponadto wyra\u017cono dezaprobat\u0119 dla dzia\u0142a\u0144 komendant\u00f3w powiatowych, kt\u00f3rzy nakazywali stra\u017cakom podpisywa\u0107 si\u0119 pod niniejsz\u0105 opini\u0105 ze stwierdzeniem, \u017ce si\u0119 z ni\u0105 zapoznali. Rada KSP wyra\u017ca zdanie, \u017ce s\u0105 to niedozwolone praktyki t\u0142umienia dzia\u0142alno\u015bci zwi\u0105zkowej, dlatego po przeanalizowaniu tego typu zdarze\u0144 podejmie stosowne dzia\u0142ania.<\/p>\n<p style=\"text-align: justify;\">Po posiedzeniu Rady Krajowej Sekcji Po\u017carnictwa NSZZ\u201dSolidarno\u015b\u0107\u201d przedstawiciele Rady wzi\u0119li udzia\u0142 w post\u0119powaniu przed Trybuna\u0142em Konstytucyjnym w sprawie rozpatrzenia skargi konstytucyjnej w kwestii braku mo\u017cliwo\u015bci zrekompensowania finansowego nadgodzin wypracowanych przed 1 lipca 2010r. Trybuna\u0142 Konstytucyjny uzna\u0142, \u017ce nowelizacja ustawy o Pa\u0144stwowej Stra\u017cy Po\u017carnej z 2010r. w cz\u0119\u015bci zaskar\u017conej jest zgodna z Konstytucj\u0105 co oznacza, \u017ce stra\u017cacy mog\u0105 odzyska\u0107 powy\u017csze nadgodziny tylko w drodze wymiaru czasu wolnego. W cz\u0119\u015bci zaskar\u017conej dotycz\u0105cej wysoko\u015bci kwoty rekompensaty Trybuna\u0142 Konstytucyjny umorzy\u0142 post\u0119powanie, poniewa\u017c ta cz\u0119\u015b\u0107 wniosku nie by\u0142a od pocz\u0105tku przedmiotem sprawy wniesionej przez stra\u017caka-emeryta. Dok\u0142adna informacja w zakresie skutk\u00f3w wyroku zostanie przekazana do organizacji zwi\u0105zkowych po otrzymaniu uzasadnienia.<\/p>\n<p><center><span style=\"font-size: small;\">\/-\/Robert Osmycki<\/span><\/center><\/p>\n","protected":false},"excerpt":{"rendered":"<p>W dniu 5 pa\u017adziernika 2015r. odby\u0142o si\u0119 posiedzenie Rady Krajowej Sekcji Po\u017carnictwa NSZZ \u201dSolidarno\u015b\u0107\u201d, podczas kt\u00f3rego om\u00f3wiono dotychczasowe dzia\u0142ania protestacyjne oraz podj\u0119to decyzj\u0119 co dalszego post\u0119powania. W pierwszej kolejno\u015bci podsumowano dzia\u0142ania protestacyjne od 30 marca br. do 19 sierpnia br. a nast\u0119pnie dzia\u0142ania po podj\u0119ciu uchwa\u0142y nr 9\/2015 w sprawie rozszerzenia Akcji Protestacyjnej. Cz\u0142onkowie Rady &hellip;<\/p>\n","protected":false},"author":1,"featured_media":1163,"comment_status":"closed","ping_status":"closed","sticky":false,"template":"","format":"standard","meta":{"footnotes":""},"categories":[2,3],"tags":[],"yoast_head":"<!-- This site is optimized with the Yoast SEO plugin v22.7 - https:\/\/yoast.com\/wordpress\/plugins\/seo\/ -->\n<title>Komunikat nr 12 \/2015 - KSPNSZZ<\/title>\n<meta name=\"robots\" content=\"index, follow, max-snippet:-1, max-image-preview:large, max-video-preview:-1\" \/>\n<link rel=\"canonical\" href=\"https:\/\/kspnszz.org\/index.php\/2015\/10\/06\/komunikat-nr-12-2015\/\" \/>\n<meta property=\"og:locale\" content=\"pl_PL\" \/>\n<meta property=\"og:type\" content=\"article\" \/>\n<meta property=\"og:title\" content=\"Komunikat nr 12 \/2015 - KSPNSZZ\" \/>\n<meta property=\"og:description\" content=\"W dniu 5 pa\u017adziernika 2015r. odby\u0142o si\u0119 posiedzenie Rady Krajowej Sekcji Po\u017carnictwa NSZZ \u201dSolidarno\u015b\u0107\u201d, podczas kt\u00f3rego om\u00f3wiono dotychczasowe dzia\u0142ania protestacyjne oraz podj\u0119to decyzj\u0119 co dalszego post\u0119powania. W pierwszej kolejno\u015bci podsumowano dzia\u0142ania protestacyjne od 30 marca br. do 19 sierpnia br. a nast\u0119pnie dzia\u0142ania po podj\u0119ciu uchwa\u0142y nr 9\/2015 w sprawie rozszerzenia Akcji Protestacyjnej. Cz\u0142onkowie Rady &hellip;\" \/>\n<meta property=\"og:url\" content=\"https:\/\/kspnszz.org\/index.php\/2015\/10\/06\/komunikat-nr-12-2015\/\" \/>\n<meta property=\"og:site_name\" content=\"KSPNSZZ\" \/>\n<meta property=\"article:published_time\" content=\"2015-10-06T12:00:51+00:00\" \/>\n<meta property=\"article:modified_time\" content=\"2016-01-12T22:16:47+00:00\" \/>\n<meta property=\"og:image\" content=\"https:\/\/kspnszz.org\/wp-content\/uploads\/2015\/10\/Fotolia_80866280_Subscription_Monthly_M.jpg\" \/>\n\t<meta property=\"og:image:width\" content=\"1688\" \/>\n\t<meta property=\"og:image:height\" content=\"1125\" \/>\n\t<meta property=\"og:image:type\" content=\"image\/jpeg\" \/>\n<meta name=\"author\" content=\"admin\" \/>\n<meta name=\"twitter:card\" content=\"summary_large_image\" \/>\n<meta name=\"twitter:label1\" content=\"Napisane przez\" \/>\n\t<meta name=\"twitter:data1\" content=\"admin\" \/>\n\t<meta name=\"twitter:label2\" content=\"Szacowany czas czytania\" \/>\n\t<meta name=\"twitter:data2\" content=\"5 minut\" \/>\n<script type=\"application\/ld+json\" class=\"yoast-schema-graph\">{\"@context\":\"https:\/\/schema.org\",\"@graph\":[{\"@type\":\"WebPage\",\"@id\":\"https:\/\/kspnszz.org\/index.php\/2015\/10\/06\/komunikat-nr-12-2015\/\",\"url\":\"https:\/\/kspnszz.org\/index.php\/2015\/10\/06\/komunikat-nr-12-2015\/\",\"name\":\"Komunikat nr 12 \/2015 - KSPNSZZ\",\"isPartOf\":{\"@id\":\"http:\/\/kspnszz.org\/#website\"},\"primaryImageOfPage\":{\"@id\":\"https:\/\/kspnszz.org\/index.php\/2015\/10\/06\/komunikat-nr-12-2015\/#primaryimage\"},\"image\":{\"@id\":\"https:\/\/kspnszz.org\/index.php\/2015\/10\/06\/komunikat-nr-12-2015\/#primaryimage\"},\"thumbnailUrl\":\"https:\/\/kspnszz.org\/wp-content\/uploads\/2015\/10\/Fotolia_80866280_Subscription_Monthly_M.jpg\",\"datePublished\":\"2015-10-06T12:00:51+00:00\",\"dateModified\":\"2016-01-12T22:16:47+00:00\",\"author\":{\"@id\":\"http:\/\/kspnszz.org\/#\/schema\/person\/79827f5b545bfb8a23ec5250d0775537\"},\"breadcrumb\":{\"@id\":\"https:\/\/kspnszz.org\/index.php\/2015\/10\/06\/komunikat-nr-12-2015\/#breadcrumb\"},\"inLanguage\":\"pl-PL\",\"potentialAction\":[{\"@type\":\"ReadAction\",\"target\":[\"https:\/\/kspnszz.org\/index.php\/2015\/10\/06\/komunikat-nr-12-2015\/\"]}]},{\"@type\":\"ImageObject\",\"inLanguage\":\"pl-PL\",\"@id\":\"https:\/\/kspnszz.org\/index.php\/2015\/10\/06\/komunikat-nr-12-2015\/#primaryimage\",\"url\":\"https:\/\/kspnszz.org\/wp-content\/uploads\/2015\/10\/Fotolia_80866280_Subscription_Monthly_M.jpg\",\"contentUrl\":\"https:\/\/kspnszz.org\/wp-content\/uploads\/2015\/10\/Fotolia_80866280_Subscription_Monthly_M.jpg\",\"width\":1688,\"height\":1125},{\"@type\":\"BreadcrumbList\",\"@id\":\"https:\/\/kspnszz.org\/index.php\/2015\/10\/06\/komunikat-nr-12-2015\/#breadcrumb\",\"itemListElement\":[{\"@type\":\"ListItem\",\"position\":1,\"name\":\"Strona g\u0142\u00f3wna\",\"item\":\"http:\/\/kspnszz.org\/\"},{\"@type\":\"ListItem\",\"position\":2,\"name\":\"Komunikat nr 12 \/2015\"}]},{\"@type\":\"WebSite\",\"@id\":\"http:\/\/kspnszz.org\/#website\",\"url\":\"http:\/\/kspnszz.org\/\",\"name\":\"KSPNSZZ\",\"description\":\"Krajowa Sekcja Po\u017carnictwa\",\"potentialAction\":[{\"@type\":\"SearchAction\",\"target\":{\"@type\":\"EntryPoint\",\"urlTemplate\":\"http:\/\/kspnszz.org\/?s={search_term_string}\"},\"query-input\":\"required name=search_term_string\"}],\"inLanguage\":\"pl-PL\"},{\"@type\":\"Person\",\"@id\":\"http:\/\/kspnszz.org\/#\/schema\/person\/79827f5b545bfb8a23ec5250d0775537\",\"name\":\"admin\",\"image\":{\"@type\":\"ImageObject\",\"inLanguage\":\"pl-PL\",\"@id\":\"http:\/\/kspnszz.org\/#\/schema\/person\/image\/\",\"url\":\"https:\/\/secure.gravatar.com\/avatar\/7e0b1e76421025233f49f045f1922efb?s=96&d=mm&r=g\",\"contentUrl\":\"https:\/\/secure.gravatar.com\/avatar\/7e0b1e76421025233f49f045f1922efb?s=96&d=mm&r=g\",\"caption\":\"admin\"},\"url\":\"https:\/\/kspnszz.org\/index.php\/author\/admin\/\"}]}<\/script>\n<!-- \/ Yoast SEO plugin. -->","yoast_head_json":{"title":"Komunikat nr 12 \/2015 - KSPNSZZ","robots":{"index":"index","follow":"follow","max-snippet":"max-snippet:-1","max-image-preview":"max-image-preview:large","max-video-preview":"max-video-preview:-1"},"canonical":"https:\/\/kspnszz.org\/index.php\/2015\/10\/06\/komunikat-nr-12-2015\/","og_locale":"pl_PL","og_type":"article","og_title":"Komunikat nr 12 \/2015 - KSPNSZZ","og_description":"W dniu 5 pa\u017adziernika 2015r. odby\u0142o si\u0119 posiedzenie Rady Krajowej Sekcji Po\u017carnictwa NSZZ \u201dSolidarno\u015b\u0107\u201d, podczas kt\u00f3rego om\u00f3wiono dotychczasowe dzia\u0142ania protestacyjne oraz podj\u0119to decyzj\u0119 co dalszego post\u0119powania. W pierwszej kolejno\u015bci podsumowano dzia\u0142ania protestacyjne od 30 marca br. do 19 sierpnia br. a nast\u0119pnie dzia\u0142ania po podj\u0119ciu uchwa\u0142y nr 9\/2015 w sprawie rozszerzenia Akcji Protestacyjnej. Cz\u0142onkowie Rady &hellip;","og_url":"https:\/\/kspnszz.org\/index.php\/2015\/10\/06\/komunikat-nr-12-2015\/","og_site_name":"KSPNSZZ","article_published_time":"2015-10-06T12:00:51+00:00","article_modified_time":"2016-01-12T22:16:47+00:00","og_image":[{"width":1688,"height":1125,"url":"https:\/\/kspnszz.org\/wp-content\/uploads\/2015\/10\/Fotolia_80866280_Subscription_Monthly_M.jpg","type":"image\/jpeg"}],"author":"admin","twitter_card":"summary_large_image","twitter_misc":{"Napisane przez":"admin","Szacowany czas czytania":"5 minut"},"schema":{"@context":"https:\/\/schema.org","@graph":[{"@type":"WebPage","@id":"https:\/\/kspnszz.org\/index.php\/2015\/10\/06\/komunikat-nr-12-2015\/","url":"https:\/\/kspnszz.org\/index.php\/2015\/10\/06\/komunikat-nr-12-2015\/","name":"Komunikat nr 12 \/2015 - KSPNSZZ","isPartOf":{"@id":"http:\/\/kspnszz.org\/#website"},"primaryImageOfPage":{"@id":"https:\/\/kspnszz.org\/index.php\/2015\/10\/06\/komunikat-nr-12-2015\/#primaryimage"},"image":{"@id":"https:\/\/kspnszz.org\/index.php\/2015\/10\/06\/komunikat-nr-12-2015\/#primaryimage"},"thumbnailUrl":"https:\/\/kspnszz.org\/wp-content\/uploads\/2015\/10\/Fotolia_80866280_Subscription_Monthly_M.jpg","datePublished":"2015-10-06T12:00:51+00:00","dateModified":"2016-01-12T22:16:47+00:00","author":{"@id":"http:\/\/kspnszz.org\/#\/schema\/person\/79827f5b545bfb8a23ec5250d0775537"},"breadcrumb":{"@id":"https:\/\/kspnszz.org\/index.php\/2015\/10\/06\/komunikat-nr-12-2015\/#breadcrumb"},"inLanguage":"pl-PL","potentialAction":[{"@type":"ReadAction","target":["https:\/\/kspnszz.org\/index.php\/2015\/10\/06\/komunikat-nr-12-2015\/"]}]},{"@type":"ImageObject","inLanguage":"pl-PL","@id":"https:\/\/kspnszz.org\/index.php\/2015\/10\/06\/komunikat-nr-12-2015\/#primaryimage","url":"https:\/\/kspnszz.org\/wp-content\/uploads\/2015\/10\/Fotolia_80866280_Subscription_Monthly_M.jpg","contentUrl":"https:\/\/kspnszz.org\/wp-content\/uploads\/2015\/10\/Fotolia_80866280_Subscription_Monthly_M.jpg","width":1688,"height":1125},{"@type":"BreadcrumbList","@id":"https:\/\/kspnszz.org\/index.php\/2015\/10\/06\/komunikat-nr-12-2015\/#breadcrumb","itemListElement":[{"@type":"ListItem","position":1,"name":"Strona g\u0142\u00f3wna","item":"http:\/\/kspnszz.org\/"},{"@type":"ListItem","position":2,"name":"Komunikat nr 12 \/2015"}]},{"@type":"WebSite","@id":"http:\/\/kspnszz.org\/#website","url":"http:\/\/kspnszz.org\/","name":"KSPNSZZ","description":"Krajowa Sekcja Po\u017carnictwa","potentialAction":[{"@type":"SearchAction","target":{"@type":"EntryPoint","urlTemplate":"http:\/\/kspnszz.org\/?s={search_term_string}"},"query-input":"required name=search_term_string"}],"inLanguage":"pl-PL"},{"@type":"Person","@id":"http:\/\/kspnszz.org\/#\/schema\/person\/79827f5b545bfb8a23ec5250d0775537","name":"admin","image":{"@type":"ImageObject","inLanguage":"pl-PL","@id":"http:\/\/kspnszz.org\/#\/schema\/person\/image\/","url":"https:\/\/secure.gravatar.com\/avatar\/7e0b1e76421025233f49f045f1922efb?s=96&d=mm&r=g","contentUrl":"https:\/\/secure.gravatar.com\/avatar\/7e0b1e76421025233f49f045f1922efb?s=96&d=mm&r=g","caption":"admin"},"url":"https:\/\/kspnszz.org\/index.php\/author\/admin\/"}]}},"_links":{"self":[{"href":"https:\/\/kspnszz.org\/index.php\/wp-json\/wp\/v2\/posts\/1104"}],"collection":[{"href":"https:\/\/kspnszz.org\/index.php\/wp-json\/wp\/v2\/posts"}],"about":[{"href":"https:\/\/kspnszz.org\/index.php\/wp-json\/wp\/v2\/types\/post"}],"author":[{"embeddable":true,"href":"https:\/\/kspnszz.org\/index.php\/wp-json\/wp\/v2\/users\/1"}],"replies":[{"embeddable":true,"href":"https:\/\/kspnszz.org\/index.php\/wp-json\/wp\/v2\/comments?post=1104"}],"version-history":[{"count":7,"href":"https:\/\/kspnszz.org\/index.php\/wp-json\/wp\/v2\/posts\/1104\/revisions"}],"predecessor-version":[{"id":1164,"href":"https:\/\/kspnszz.org\/index.php\/wp-json\/wp\/v2\/posts\/1104\/revisions\/1164"}],"wp:featuredmedia":[{"embeddable":true,"href":"https:\/\/kspnszz.org\/index.php\/wp-json\/wp\/v2\/media\/1163"}],"wp:attachment":[{"href":"https:\/\/kspnszz.org\/index.php\/wp-json\/wp\/v2\/media?parent=1104"}],"wp:term":[{"taxonomy":"category","embeddable":true,"href":"https:\/\/kspnszz.org\/index.php\/wp-json\/wp\/v2\/categories?post=1104"},{"taxonomy":"post_tag","embeddable":true,"href":"https:\/\/kspnszz.org\/index.php\/wp-json\/wp\/v2\/tags?post=1104"}],"curies":[{"name":"wp","href":"https:\/\/api.w.org\/{rel}","templated":true}]}}