{"id":8144,"date":"2026-03-11T10:36:06","date_gmt":"2026-03-11T09:36:06","guid":{"rendered":"https:\/\/kspnszz.org\/?p=8144"},"modified":"2026-03-11T10:36:08","modified_gmt":"2026-03-11T09:36:08","slug":"jubileusz-20-lecia-powstania-zo-nszz-fsg-przy-nwosg","status":"publish","type":"post","link":"http:\/\/kspnszz.org\/index.php\/2026\/03\/11\/jubileusz-20-lecia-powstania-zo-nszz-fsg-przy-nwosg\/","title":{"rendered":"Jubileusz 20-lecia powstania ZO NSZZ FSG przy NwOSG"},"content":{"rendered":"<p style=\"text-align: justify;\"><strong>W sobot\u0119 7 marca br., odby\u0142 si\u0119 jubileusz 20-lecia powstania Zarz\u0105du Oddzia\u0142owego NSZZ Funkcjonariuszy Stra\u017cy Granicznej przy Nadwi\u015bla\u0144skim Oddziale Stra\u017cy Granicznej. W\u00a0uroczysto\u015bciach wzi\u0119li udzia\u0142 przedstawiciele Krajowej Sekcji Po\u017carnictwa NSZZ \u201eSolidarno\u015b\u0107\u201d.<\/strong><\/p>\n\n<div class=\"wp-block-image\">\n<figure class=\"aligncenter size-large is-resized\"><a href=\"http:\/\/kspnszz.org\/wp-content\/uploads\/2026\/03\/jubileusz-20-lecie-nwosg-2026-82.jpg\" data-rel=\"lightbox-image-0\" data-rl_title=\"\" data-rl_caption=\"\" title=\"\"><img loading=\"lazy\" decoding=\"async\" width=\"1024\" height=\"502\" src=\"http:\/\/kspnszz.org\/wp-content\/uploads\/2026\/03\/jubileusz-20-lecie-nwosg-2026-82-1024x502.jpg\" alt=\"\" class=\"wp-image-8146\" style=\"width:682px;height:auto\" srcset=\"http:\/\/kspnszz.org\/wp-content\/uploads\/2026\/03\/jubileusz-20-lecie-nwosg-2026-82-1024x502.jpg 1024w, http:\/\/kspnszz.org\/wp-content\/uploads\/2026\/03\/jubileusz-20-lecie-nwosg-2026-82-300x147.jpg 300w, http:\/\/kspnszz.org\/wp-content\/uploads\/2026\/03\/jubileusz-20-lecie-nwosg-2026-82-768x376.jpg 768w, http:\/\/kspnszz.org\/wp-content\/uploads\/2026\/03\/jubileusz-20-lecie-nwosg-2026-82.jpg 1200w\" sizes=\"(max-width: 1024px) 100vw, 1024px\" \/><\/a><\/figure><\/div>\n\n<p style=\"text-align: justify;\">Obchody rozpocz\u0119\u0142a Msza \u015awi\u0119ta w Kaplicy Szenstackich Si\u00f3str Maryi w \u015awidrze k.Warszawy.<\/p>\n<p style=\"text-align: justify;\">Kolejnym punktem uroczysto\u015bci by\u0142a gala jubileuszowa, kt\u00f3ra odby\u0142a si\u0119 na terenie O\u015brodka Konferencyjno-Szkoleniowego Stra\u017cy Granicznej w Otwocku. Podczas gali dokonano podsumowania dwudziestoletniej dzia\u0142alno\u015bci NSZZ FSG przy NwOSG. Na r\u0119ce przewodnicz\u0105cego Zarz\u0105du Roberta Lisa przekazano te\u017c liczne gratulacje i wyrazy uznania za dotychczasow\u0105 dzia\u0142alno\u015b\u0107.<\/p>\n<p style=\"text-align: justify;\">Jubileusz by\u0142 tak\u017ce okazj\u0105 do podzi\u0119kowania i uhonorowania os\u00f3b, kt\u00f3re wsp\u00f3\u0142pracuj\u0105 z\u00a0ZO NSZZ FSG przy NwOSG. Reprezentuj\u0105cy KSP Maciej \u0141ozowski, Marcin Mi\u015bkiewicz oraz\u00a0Maciej Szewczyk zostali wyr\u00f3\u017cnieni Medalem Pami\u0105tkowym XX-lecia Zarz\u0105du Oddzia\u0142owego NSZZ FSG przy NwOSG.<\/p>\n<p style=\"text-align: justify;\">Kole\u017cankom i kolegom z ZO NSZZ FSG przy NwOSG dzi\u0119kujemy za\u00a0zaproszenie na tak pi\u0119kn\u0105 uroczysto\u015b\u0107, gratulujemy 20 lat skutecznej dzia\u0142alno\u015bci i \u017cyczymy sukces\u00f3w w\u00a0kolejnych latach.<\/p>\n\n<div class=\"wp-block-image\">\n<figure class=\"aligncenter size-large is-resized\"><a href=\"http:\/\/kspnszz.org\/wp-content\/uploads\/2026\/03\/jubileusz-20-lecie-nwosg-2026-5.jpg\" data-rel=\"lightbox-image-1\" data-rl_title=\"\" data-rl_caption=\"\" title=\"\"><img loading=\"lazy\" decoding=\"async\" width=\"1024\" height=\"683\" src=\"http:\/\/kspnszz.org\/wp-content\/uploads\/2026\/03\/jubileusz-20-lecie-nwosg-2026-5-1024x683.jpg\" alt=\"\" class=\"wp-image-8143\" style=\"width:529px;height:auto\" srcset=\"http:\/\/kspnszz.org\/wp-content\/uploads\/2026\/03\/jubileusz-20-lecie-nwosg-2026-5-1024x683.jpg 1024w, http:\/\/kspnszz.org\/wp-content\/uploads\/2026\/03\/jubileusz-20-lecie-nwosg-2026-5-300x200.jpg 300w, http:\/\/kspnszz.org\/wp-content\/uploads\/2026\/03\/jubileusz-20-lecie-nwosg-2026-5-768x512.jpg 768w, http:\/\/kspnszz.org\/wp-content\/uploads\/2026\/03\/jubileusz-20-lecie-nwosg-2026-5.jpg 1200w\" sizes=\"(max-width: 1024px) 100vw, 1024px\" \/><\/a><\/figure><\/div>\n\n<div class=\"wp-block-image\">\n<figure class=\"aligncenter size-large is-resized\"><a href=\"http:\/\/kspnszz.org\/wp-content\/uploads\/2026\/03\/cbd11f1a-8499-461c-96a7-5265403895e1.jpg\" data-rel=\"lightbox-image-2\" data-rl_title=\"\" data-rl_caption=\"\" title=\"\"><img loading=\"lazy\" decoding=\"async\" width=\"1024\" height=\"683\" src=\"http:\/\/kspnszz.org\/wp-content\/uploads\/2026\/03\/cbd11f1a-8499-461c-96a7-5265403895e1-1024x683.jpg\" alt=\"\" class=\"wp-image-8136\" style=\"width:528px;height:auto\" srcset=\"http:\/\/kspnszz.org\/wp-content\/uploads\/2026\/03\/cbd11f1a-8499-461c-96a7-5265403895e1-1024x683.jpg 1024w, http:\/\/kspnszz.org\/wp-content\/uploads\/2026\/03\/cbd11f1a-8499-461c-96a7-5265403895e1-300x200.jpg 300w, http:\/\/kspnszz.org\/wp-content\/uploads\/2026\/03\/cbd11f1a-8499-461c-96a7-5265403895e1-768x512.jpg 768w, http:\/\/kspnszz.org\/wp-content\/uploads\/2026\/03\/cbd11f1a-8499-461c-96a7-5265403895e1-1536x1024.jpg 1536w, http:\/\/kspnszz.org\/wp-content\/uploads\/2026\/03\/cbd11f1a-8499-461c-96a7-5265403895e1.jpg 2048w\" sizes=\"(max-width: 1024px) 100vw, 1024px\" \/><\/a><\/figure><\/div>\n\n<div class=\"wp-block-image\">\n<figure class=\"aligncenter size-large is-resized\"><a href=\"http:\/\/kspnszz.org\/wp-content\/uploads\/2026\/03\/jubileusz-20-lecie-nwosg-2026-27.jpg\" data-rel=\"lightbox-image-3\" data-rl_title=\"\" data-rl_caption=\"\" title=\"\"><img loading=\"lazy\" decoding=\"async\" width=\"1024\" height=\"683\" src=\"http:\/\/kspnszz.org\/wp-content\/uploads\/2026\/03\/jubileusz-20-lecie-nwosg-2026-27-1024x683.jpg\" alt=\"\" class=\"wp-image-8142\" style=\"width:529px;height:auto\" srcset=\"http:\/\/kspnszz.org\/wp-content\/uploads\/2026\/03\/jubileusz-20-lecie-nwosg-2026-27-1024x683.jpg 1024w, http:\/\/kspnszz.org\/wp-content\/uploads\/2026\/03\/jubileusz-20-lecie-nwosg-2026-27-300x200.jpg 300w, http:\/\/kspnszz.org\/wp-content\/uploads\/2026\/03\/jubileusz-20-lecie-nwosg-2026-27-768x512.jpg 768w, http:\/\/kspnszz.org\/wp-content\/uploads\/2026\/03\/jubileusz-20-lecie-nwosg-2026-27.jpg 1200w\" sizes=\"(max-width: 1024px) 100vw, 1024px\" \/><\/a><\/figure><\/div>\n\n<div class=\"wp-block-image\">\n<figure class=\"aligncenter size-large is-resized\"><a href=\"http:\/\/kspnszz.org\/wp-content\/uploads\/2026\/03\/jubileusz-20-lecie-nwosg-2026-32.jpg\" data-rel=\"lightbox-image-4\" data-rl_title=\"\" data-rl_caption=\"\" title=\"\"><img loading=\"lazy\" decoding=\"async\" width=\"1024\" height=\"683\" src=\"http:\/\/kspnszz.org\/wp-content\/uploads\/2026\/03\/jubileusz-20-lecie-nwosg-2026-32-1024x683.jpg\" alt=\"\" class=\"wp-image-8140\" style=\"width:529px;height:auto\" srcset=\"http:\/\/kspnszz.org\/wp-content\/uploads\/2026\/03\/jubileusz-20-lecie-nwosg-2026-32-1024x683.jpg 1024w, http:\/\/kspnszz.org\/wp-content\/uploads\/2026\/03\/jubileusz-20-lecie-nwosg-2026-32-300x200.jpg 300w, http:\/\/kspnszz.org\/wp-content\/uploads\/2026\/03\/jubileusz-20-lecie-nwosg-2026-32-768x512.jpg 768w, http:\/\/kspnszz.org\/wp-content\/uploads\/2026\/03\/jubileusz-20-lecie-nwosg-2026-32.jpg 1200w\" sizes=\"(max-width: 1024px) 100vw, 1024px\" \/><\/a><\/figure><\/div>\n\n<div class=\"wp-block-image\">\n<figure class=\"aligncenter size-large is-resized\"><a href=\"http:\/\/kspnszz.org\/wp-content\/uploads\/2026\/03\/jubileusz-20-lecie-nwosg-2026-62.jpg\" data-rel=\"lightbox-image-5\" data-rl_title=\"\" data-rl_caption=\"\" title=\"\"><img loading=\"lazy\" decoding=\"async\" width=\"1024\" height=\"683\" src=\"http:\/\/kspnszz.org\/wp-content\/uploads\/2026\/03\/jubileusz-20-lecie-nwosg-2026-62-1024x683.jpg\" alt=\"\" class=\"wp-image-8139\" style=\"width:529px;height:auto\" srcset=\"http:\/\/kspnszz.org\/wp-content\/uploads\/2026\/03\/jubileusz-20-lecie-nwosg-2026-62-1024x683.jpg 1024w, http:\/\/kspnszz.org\/wp-content\/uploads\/2026\/03\/jubileusz-20-lecie-nwosg-2026-62-300x200.jpg 300w, http:\/\/kspnszz.org\/wp-content\/uploads\/2026\/03\/jubileusz-20-lecie-nwosg-2026-62-768x512.jpg 768w, http:\/\/kspnszz.org\/wp-content\/uploads\/2026\/03\/jubileusz-20-lecie-nwosg-2026-62.jpg 1200w\" sizes=\"(max-width: 1024px) 100vw, 1024px\" \/><\/a><\/figure><\/div>\n\n<div class=\"wp-block-image\">\n<figure class=\"aligncenter size-large is-resized\"><a href=\"http:\/\/kspnszz.org\/wp-content\/uploads\/2026\/03\/0266a262-e33c-40a6-b96a-d5d07804b95a.jpg\" data-rel=\"lightbox-image-6\" data-rl_title=\"\" data-rl_caption=\"\" title=\"\"><img loading=\"lazy\" decoding=\"async\" width=\"1024\" height=\"683\" src=\"http:\/\/kspnszz.org\/wp-content\/uploads\/2026\/03\/0266a262-e33c-40a6-b96a-d5d07804b95a-1024x683.jpg\" alt=\"\" class=\"wp-image-8138\" style=\"width:528px;height:auto\" srcset=\"http:\/\/kspnszz.org\/wp-content\/uploads\/2026\/03\/0266a262-e33c-40a6-b96a-d5d07804b95a-1024x683.jpg 1024w, http:\/\/kspnszz.org\/wp-content\/uploads\/2026\/03\/0266a262-e33c-40a6-b96a-d5d07804b95a-300x200.jpg 300w, http:\/\/kspnszz.org\/wp-content\/uploads\/2026\/03\/0266a262-e33c-40a6-b96a-d5d07804b95a-768x512.jpg 768w, http:\/\/kspnszz.org\/wp-content\/uploads\/2026\/03\/0266a262-e33c-40a6-b96a-d5d07804b95a-1536x1024.jpg 1536w, http:\/\/kspnszz.org\/wp-content\/uploads\/2026\/03\/0266a262-e33c-40a6-b96a-d5d07804b95a.jpg 2048w\" sizes=\"(max-width: 1024px) 100vw, 1024px\" \/><\/a><\/figure><\/div>\n\n<div class=\"wp-block-image\">\n<figure class=\"aligncenter size-large is-resized\"><a href=\"http:\/\/kspnszz.org\/wp-content\/uploads\/2026\/03\/jubileusz-20-lecie-nwosg-2026-64.jpg\" data-rel=\"lightbox-image-7\" data-rl_title=\"\" data-rl_caption=\"\" title=\"\"><img loading=\"lazy\" decoding=\"async\" width=\"1024\" height=\"683\" src=\"http:\/\/kspnszz.org\/wp-content\/uploads\/2026\/03\/jubileusz-20-lecie-nwosg-2026-64-1024x683.jpg\" alt=\"\" class=\"wp-image-8135\" style=\"width:529px;height:auto\" srcset=\"http:\/\/kspnszz.org\/wp-content\/uploads\/2026\/03\/jubileusz-20-lecie-nwosg-2026-64-1024x683.jpg 1024w, http:\/\/kspnszz.org\/wp-content\/uploads\/2026\/03\/jubileusz-20-lecie-nwosg-2026-64-300x200.jpg 300w, http:\/\/kspnszz.org\/wp-content\/uploads\/2026\/03\/jubileusz-20-lecie-nwosg-2026-64-768x512.jpg 768w, http:\/\/kspnszz.org\/wp-content\/uploads\/2026\/03\/jubileusz-20-lecie-nwosg-2026-64.jpg 1200w\" sizes=\"(max-width: 1024px) 100vw, 1024px\" \/><\/a><\/figure><\/div>\n\n<div class=\"wp-block-image\">\n<figure class=\"aligncenter size-large is-resized\"><a href=\"http:\/\/kspnszz.org\/wp-content\/uploads\/2026\/03\/6c072268-cfe3-4539-8a30-64bcf7b12be7.jpg\" data-rel=\"lightbox-image-8\" data-rl_title=\"\" data-rl_caption=\"\" title=\"\"><img loading=\"lazy\" decoding=\"async\" width=\"1024\" height=\"683\" src=\"http:\/\/kspnszz.org\/wp-content\/uploads\/2026\/03\/6c072268-cfe3-4539-8a30-64bcf7b12be7-1024x683.jpg\" alt=\"\" class=\"wp-image-8137\" style=\"width:529px;height:auto\" srcset=\"http:\/\/kspnszz.org\/wp-content\/uploads\/2026\/03\/6c072268-cfe3-4539-8a30-64bcf7b12be7-1024x683.jpg 1024w, http:\/\/kspnszz.org\/wp-content\/uploads\/2026\/03\/6c072268-cfe3-4539-8a30-64bcf7b12be7-300x200.jpg 300w, http:\/\/kspnszz.org\/wp-content\/uploads\/2026\/03\/6c072268-cfe3-4539-8a30-64bcf7b12be7-768x512.jpg 768w, http:\/\/kspnszz.org\/wp-content\/uploads\/2026\/03\/6c072268-cfe3-4539-8a30-64bcf7b12be7-1536x1024.jpg 1536w, http:\/\/kspnszz.org\/wp-content\/uploads\/2026\/03\/6c072268-cfe3-4539-8a30-64bcf7b12be7.jpg 2048w\" sizes=\"(max-width: 1024px) 100vw, 1024px\" \/><\/a><\/figure><\/div>","protected":false},"excerpt":{"rendered":"<p>W sobot\u0119 7 marca br., odby\u0142 si\u0119 jubileusz 20-lecia powstania Zarz\u0105du Oddzia\u0142owego NSZZ Funkcjonariuszy Stra\u017cy Granicznej przy Nadwi\u015bla\u0144skim Oddziale Stra\u017cy Granicznej. W\u00a0uroczysto\u015bciach wzi\u0119li udzia\u0142 przedstawiciele Krajowej Sekcji Po\u017carnictwa NSZZ \u201eSolidarno\u015b\u0107\u201d. Obchody rozpocz\u0119\u0142a Msza \u015awi\u0119ta w Kaplicy Szenstackich Si\u00f3str Maryi w \u015awidrze k.Warszawy. Kolejnym punktem uroczysto\u015bci by\u0142a gala jubileuszowa, kt\u00f3ra odby\u0142a si\u0119 na terenie O\u015brodka Konferencyjno-Szkoleniowego &hellip;<\/p>\n","protected":false},"author":2,"featured_media":8141,"comment_status":"closed","ping_status":"closed","sticky":false,"template":"","format":"standard","meta":{"footnotes":""},"categories":[2,1],"tags":[],"yoast_head":"<!-- This site is optimized with the Yoast SEO plugin v22.7 - https:\/\/yoast.com\/wordpress\/plugins\/seo\/ -->\n<title>Jubileusz 20-lecia powstania ZO NSZZ FSG przy NwOSG - KSPNSZZ<\/title>\n<meta name=\"robots\" content=\"index, follow, max-snippet:-1, max-image-preview:large, max-video-preview:-1\" \/>\n<link rel=\"canonical\" href=\"https:\/\/kspnszz.org\/index.php\/2026\/03\/11\/jubileusz-20-lecia-powstania-zo-nszz-fsg-przy-nwosg\/\" \/>\n<meta property=\"og:locale\" content=\"pl_PL\" \/>\n<meta property=\"og:type\" content=\"article\" \/>\n<meta property=\"og:title\" content=\"Jubileusz 20-lecia powstania ZO NSZZ FSG przy NwOSG - KSPNSZZ\" \/>\n<meta property=\"og:description\" content=\"W sobot\u0119 7 marca br., odby\u0142 si\u0119 jubileusz 20-lecia powstania Zarz\u0105du Oddzia\u0142owego NSZZ Funkcjonariuszy Stra\u017cy Granicznej przy Nadwi\u015bla\u0144skim Oddziale Stra\u017cy Granicznej. W\u00a0uroczysto\u015bciach wzi\u0119li udzia\u0142 przedstawiciele Krajowej Sekcji Po\u017carnictwa NSZZ \u201eSolidarno\u015b\u0107\u201d. Obchody rozpocz\u0119\u0142a Msza \u015awi\u0119ta w Kaplicy Szenstackich Si\u00f3str Maryi w \u015awidrze k.Warszawy. Kolejnym punktem uroczysto\u015bci by\u0142a gala jubileuszowa, kt\u00f3ra odby\u0142a si\u0119 na terenie O\u015brodka Konferencyjno-Szkoleniowego &hellip;\" \/>\n<meta property=\"og:url\" content=\"https:\/\/kspnszz.org\/index.php\/2026\/03\/11\/jubileusz-20-lecia-powstania-zo-nszz-fsg-przy-nwosg\/\" \/>\n<meta property=\"og:site_name\" content=\"KSPNSZZ\" \/>\n<meta property=\"article:published_time\" content=\"2026-03-11T09:36:06+00:00\" \/>\n<meta property=\"article:modified_time\" content=\"2026-03-11T09:36:08+00:00\" \/>\n<meta property=\"og:image\" content=\"http:\/\/kspnszz.org\/wp-content\/uploads\/2026\/03\/jubileusz-20-lecie-nwosg-2026-28.jpg\" \/>\n\t<meta property=\"og:image:width\" content=\"1200\" \/>\n\t<meta property=\"og:image:height\" content=\"800\" \/>\n\t<meta property=\"og:image:type\" content=\"image\/jpeg\" \/>\n<meta name=\"author\" content=\"bartlomiej\" \/>\n<meta name=\"twitter:card\" content=\"summary_large_image\" \/>\n<meta name=\"twitter:label1\" content=\"Napisane przez\" \/>\n\t<meta name=\"twitter:data1\" content=\"bartlomiej\" \/>\n\t<meta name=\"twitter:label2\" content=\"Szacowany czas czytania\" \/>\n\t<meta name=\"twitter:data2\" content=\"3 minuty\" \/>\n<script type=\"application\/ld+json\" class=\"yoast-schema-graph\">{\"@context\":\"https:\/\/schema.org\",\"@graph\":[{\"@type\":\"WebPage\",\"@id\":\"https:\/\/kspnszz.org\/index.php\/2026\/03\/11\/jubileusz-20-lecia-powstania-zo-nszz-fsg-przy-nwosg\/\",\"url\":\"https:\/\/kspnszz.org\/index.php\/2026\/03\/11\/jubileusz-20-lecia-powstania-zo-nszz-fsg-przy-nwosg\/\",\"name\":\"Jubileusz 20-lecia powstania ZO NSZZ FSG przy NwOSG - KSPNSZZ\",\"isPartOf\":{\"@id\":\"https:\/\/kspnszz.org\/#website\"},\"primaryImageOfPage\":{\"@id\":\"https:\/\/kspnszz.org\/index.php\/2026\/03\/11\/jubileusz-20-lecia-powstania-zo-nszz-fsg-przy-nwosg\/#primaryimage\"},\"image\":{\"@id\":\"https:\/\/kspnszz.org\/index.php\/2026\/03\/11\/jubileusz-20-lecia-powstania-zo-nszz-fsg-przy-nwosg\/#primaryimage\"},\"thumbnailUrl\":\"http:\/\/kspnszz.org\/wp-content\/uploads\/2026\/03\/jubileusz-20-lecie-nwosg-2026-28.jpg\",\"datePublished\":\"2026-03-11T09:36:06+00:00\",\"dateModified\":\"2026-03-11T09:36:08+00:00\",\"author\":{\"@id\":\"https:\/\/kspnszz.org\/#\/schema\/person\/31096cf196f706ef50ecbd878903cc13\"},\"breadcrumb\":{\"@id\":\"https:\/\/kspnszz.org\/index.php\/2026\/03\/11\/jubileusz-20-lecia-powstania-zo-nszz-fsg-przy-nwosg\/#breadcrumb\"},\"inLanguage\":\"pl-PL\",\"potentialAction\":[{\"@type\":\"ReadAction\",\"target\":[\"https:\/\/kspnszz.org\/index.php\/2026\/03\/11\/jubileusz-20-lecia-powstania-zo-nszz-fsg-przy-nwosg\/\"]}]},{\"@type\":\"ImageObject\",\"inLanguage\":\"pl-PL\",\"@id\":\"https:\/\/kspnszz.org\/index.php\/2026\/03\/11\/jubileusz-20-lecia-powstania-zo-nszz-fsg-przy-nwosg\/#primaryimage\",\"url\":\"http:\/\/kspnszz.org\/wp-content\/uploads\/2026\/03\/jubileusz-20-lecie-nwosg-2026-28.jpg\",\"contentUrl\":\"http:\/\/kspnszz.org\/wp-content\/uploads\/2026\/03\/jubileusz-20-lecie-nwosg-2026-28.jpg\",\"width\":1200,\"height\":800},{\"@type\":\"BreadcrumbList\",\"@id\":\"https:\/\/kspnszz.org\/index.php\/2026\/03\/11\/jubileusz-20-lecia-powstania-zo-nszz-fsg-przy-nwosg\/#breadcrumb\",\"itemListElement\":[{\"@type\":\"ListItem\",\"position\":1,\"name\":\"Strona g\u0142\u00f3wna\",\"item\":\"https:\/\/kspnszz.org\/\"},{\"@type\":\"ListItem\",\"position\":2,\"name\":\"Jubileusz 20-lecia powstania ZO NSZZ FSG przy NwOSG\"}]},{\"@type\":\"WebSite\",\"@id\":\"https:\/\/kspnszz.org\/#website\",\"url\":\"https:\/\/kspnszz.org\/\",\"name\":\"KSPNSZZ\",\"description\":\"Krajowa Sekcja Po\u017carnictwa\",\"potentialAction\":[{\"@type\":\"SearchAction\",\"target\":{\"@type\":\"EntryPoint\",\"urlTemplate\":\"https:\/\/kspnszz.org\/?s={search_term_string}\"},\"query-input\":\"required name=search_term_string\"}],\"inLanguage\":\"pl-PL\"},{\"@type\":\"Person\",\"@id\":\"https:\/\/kspnszz.org\/#\/schema\/person\/31096cf196f706ef50ecbd878903cc13\",\"name\":\"bartlomiej\",\"image\":{\"@type\":\"ImageObject\",\"inLanguage\":\"pl-PL\",\"@id\":\"https:\/\/kspnszz.org\/#\/schema\/person\/image\/\",\"url\":\"http:\/\/0.gravatar.com\/avatar\/cb681656f150968eb94b73c62cf58e52?s=96&d=mm&r=g\",\"contentUrl\":\"http:\/\/0.gravatar.com\/avatar\/cb681656f150968eb94b73c62cf58e52?s=96&d=mm&r=g\",\"caption\":\"bartlomiej\"},\"url\":\"http:\/\/kspnszz.org\/index.php\/author\/bartlomiej\/\"}]}<\/script>\n<!-- \/ Yoast SEO plugin. -->","yoast_head_json":{"title":"Jubileusz 20-lecia powstania ZO NSZZ FSG przy NwOSG - KSPNSZZ","robots":{"index":"index","follow":"follow","max-snippet":"max-snippet:-1","max-image-preview":"max-image-preview:large","max-video-preview":"max-video-preview:-1"},"canonical":"https:\/\/kspnszz.org\/index.php\/2026\/03\/11\/jubileusz-20-lecia-powstania-zo-nszz-fsg-przy-nwosg\/","og_locale":"pl_PL","og_type":"article","og_title":"Jubileusz 20-lecia powstania ZO NSZZ FSG przy NwOSG - KSPNSZZ","og_description":"W sobot\u0119 7 marca br., odby\u0142 si\u0119 jubileusz 20-lecia powstania Zarz\u0105du Oddzia\u0142owego NSZZ Funkcjonariuszy Stra\u017cy Granicznej przy Nadwi\u015bla\u0144skim Oddziale Stra\u017cy Granicznej. W\u00a0uroczysto\u015bciach wzi\u0119li udzia\u0142 przedstawiciele Krajowej Sekcji Po\u017carnictwa NSZZ \u201eSolidarno\u015b\u0107\u201d. Obchody rozpocz\u0119\u0142a Msza \u015awi\u0119ta w Kaplicy Szenstackich Si\u00f3str Maryi w \u015awidrze k.Warszawy. Kolejnym punktem uroczysto\u015bci by\u0142a gala jubileuszowa, kt\u00f3ra odby\u0142a si\u0119 na terenie O\u015brodka Konferencyjno-Szkoleniowego &hellip;","og_url":"https:\/\/kspnszz.org\/index.php\/2026\/03\/11\/jubileusz-20-lecia-powstania-zo-nszz-fsg-przy-nwosg\/","og_site_name":"KSPNSZZ","article_published_time":"2026-03-11T09:36:06+00:00","article_modified_time":"2026-03-11T09:36:08+00:00","og_image":[{"width":1200,"height":800,"url":"http:\/\/kspnszz.org\/wp-content\/uploads\/2026\/03\/jubileusz-20-lecie-nwosg-2026-28.jpg","type":"image\/jpeg"}],"author":"bartlomiej","twitter_card":"summary_large_image","twitter_misc":{"Napisane przez":"bartlomiej","Szacowany czas czytania":"3 minuty"},"schema":{"@context":"https:\/\/schema.org","@graph":[{"@type":"WebPage","@id":"https:\/\/kspnszz.org\/index.php\/2026\/03\/11\/jubileusz-20-lecia-powstania-zo-nszz-fsg-przy-nwosg\/","url":"https:\/\/kspnszz.org\/index.php\/2026\/03\/11\/jubileusz-20-lecia-powstania-zo-nszz-fsg-przy-nwosg\/","name":"Jubileusz 20-lecia powstania ZO NSZZ FSG przy NwOSG - KSPNSZZ","isPartOf":{"@id":"https:\/\/kspnszz.org\/#website"},"primaryImageOfPage":{"@id":"https:\/\/kspnszz.org\/index.php\/2026\/03\/11\/jubileusz-20-lecia-powstania-zo-nszz-fsg-przy-nwosg\/#primaryimage"},"image":{"@id":"https:\/\/kspnszz.org\/index.php\/2026\/03\/11\/jubileusz-20-lecia-powstania-zo-nszz-fsg-przy-nwosg\/#primaryimage"},"thumbnailUrl":"http:\/\/kspnszz.org\/wp-content\/uploads\/2026\/03\/jubileusz-20-lecie-nwosg-2026-28.jpg","datePublished":"2026-03-11T09:36:06+00:00","dateModified":"2026-03-11T09:36:08+00:00","author":{"@id":"https:\/\/kspnszz.org\/#\/schema\/person\/31096cf196f706ef50ecbd878903cc13"},"breadcrumb":{"@id":"https:\/\/kspnszz.org\/index.php\/2026\/03\/11\/jubileusz-20-lecia-powstania-zo-nszz-fsg-przy-nwosg\/#breadcrumb"},"inLanguage":"pl-PL","potentialAction":[{"@type":"ReadAction","target":["https:\/\/kspnszz.org\/index.php\/2026\/03\/11\/jubileusz-20-lecia-powstania-zo-nszz-fsg-przy-nwosg\/"]}]},{"@type":"ImageObject","inLanguage":"pl-PL","@id":"https:\/\/kspnszz.org\/index.php\/2026\/03\/11\/jubileusz-20-lecia-powstania-zo-nszz-fsg-przy-nwosg\/#primaryimage","url":"http:\/\/kspnszz.org\/wp-content\/uploads\/2026\/03\/jubileusz-20-lecie-nwosg-2026-28.jpg","contentUrl":"http:\/\/kspnszz.org\/wp-content\/uploads\/2026\/03\/jubileusz-20-lecie-nwosg-2026-28.jpg","width":1200,"height":800},{"@type":"BreadcrumbList","@id":"https:\/\/kspnszz.org\/index.php\/2026\/03\/11\/jubileusz-20-lecia-powstania-zo-nszz-fsg-przy-nwosg\/#breadcrumb","itemListElement":[{"@type":"ListItem","position":1,"name":"Strona g\u0142\u00f3wna","item":"https:\/\/kspnszz.org\/"},{"@type":"ListItem","position":2,"name":"Jubileusz 20-lecia powstania ZO NSZZ FSG przy NwOSG"}]},{"@type":"WebSite","@id":"https:\/\/kspnszz.org\/#website","url":"https:\/\/kspnszz.org\/","name":"KSPNSZZ","description":"Krajowa Sekcja Po\u017carnictwa","potentialAction":[{"@type":"SearchAction","target":{"@type":"EntryPoint","urlTemplate":"https:\/\/kspnszz.org\/?s={search_term_string}"},"query-input":"required name=search_term_string"}],"inLanguage":"pl-PL"},{"@type":"Person","@id":"https:\/\/kspnszz.org\/#\/schema\/person\/31096cf196f706ef50ecbd878903cc13","name":"bartlomiej","image":{"@type":"ImageObject","inLanguage":"pl-PL","@id":"https:\/\/kspnszz.org\/#\/schema\/person\/image\/","url":"http:\/\/0.gravatar.com\/avatar\/cb681656f150968eb94b73c62cf58e52?s=96&d=mm&r=g","contentUrl":"http:\/\/0.gravatar.com\/avatar\/cb681656f150968eb94b73c62cf58e52?s=96&d=mm&r=g","caption":"bartlomiej"},"url":"http:\/\/kspnszz.org\/index.php\/author\/bartlomiej\/"}]}},"_links":{"self":[{"href":"http:\/\/kspnszz.org\/index.php\/wp-json\/wp\/v2\/posts\/8144"}],"collection":[{"href":"http:\/\/kspnszz.org\/index.php\/wp-json\/wp\/v2\/posts"}],"about":[{"href":"http:\/\/kspnszz.org\/index.php\/wp-json\/wp\/v2\/types\/post"}],"author":[{"embeddable":true,"href":"http:\/\/kspnszz.org\/index.php\/wp-json\/wp\/v2\/users\/2"}],"replies":[{"embeddable":true,"href":"http:\/\/kspnszz.org\/index.php\/wp-json\/wp\/v2\/comments?post=8144"}],"version-history":[{"count":3,"href":"http:\/\/kspnszz.org\/index.php\/wp-json\/wp\/v2\/posts\/8144\/revisions"}],"predecessor-version":[{"id":8148,"href":"http:\/\/kspnszz.org\/index.php\/wp-json\/wp\/v2\/posts\/8144\/revisions\/8148"}],"wp:featuredmedia":[{"embeddable":true,"href":"http:\/\/kspnszz.org\/index.php\/wp-json\/wp\/v2\/media\/8141"}],"wp:attachment":[{"href":"http:\/\/kspnszz.org\/index.php\/wp-json\/wp\/v2\/media?parent=8144"}],"wp:term":[{"taxonomy":"category","embeddable":true,"href":"http:\/\/kspnszz.org\/index.php\/wp-json\/wp\/v2\/categories?post=8144"},{"taxonomy":"post_tag","embeddable":true,"href":"http:\/\/kspnszz.org\/index.php\/wp-json\/wp\/v2\/tags?post=8144"}],"curies":[{"name":"wp","href":"https:\/\/api.w.org\/{rel}","templated":true}]}}