{"id":8132,"date":"2026-03-07T14:28:15","date_gmt":"2026-03-07T13:28:15","guid":{"rendered":"https:\/\/kspnszz.org\/?p=8132"},"modified":"2026-03-07T14:28:18","modified_gmt":"2026-03-07T13:28:18","slug":"obradowali-podlascy-strazacy","status":"publish","type":"post","link":"http:\/\/kspnszz.org\/index.php\/2026\/03\/07\/obradowali-podlascy-strazacy\/","title":{"rendered":"Obradowali podlascy stra\u017cacy"},"content":{"rendered":"<p style=\"text-align: justify;\"><strong>Stra\u017cacy z Mi\u0119dzyregionalnej Podlaskiej Sekcji Po\u017carnictwa NSZZ \u201eSolidarno\u015b\u0107\u201d obradowali w Augustowie. Go\u015b\u0107mi posiedzenia byli Podlaski Komendant Wojew\u00f3dzki PSP st. bryg, Janusz Kondrat, Zast\u0119pca Komendanta Powiatowego PSP w Augustowie m\u0142. bryg Karol Karwowski oraz przewodnicz\u0105cy Krajowej Sekcji Po\u017carnictwa NSZZ \u201eSolidarno\u015b\u0107\u201d Bart\u0142omiej Mickiewicz i przewodnicz\u0105cy Regionalnej Sekcji Po\u017carnictwa NSZZ \u201eS\u201d woj. warmi\u0144sko-mazurskiego Jaros\u0142aw Rejner.<\/strong><\/p>\n<p>\u00a0<\/p>\n\n<div class=\"wp-block-image\">\n<figure class=\"aligncenter size-large is-resized\"><a href=\"http:\/\/kspnszz.org\/wp-content\/uploads\/2026\/03\/IMG_7436.jpeg\" data-rel=\"lightbox-image-0\" data-rl_title=\"\" data-rl_caption=\"\" title=\"\"><img loading=\"lazy\" decoding=\"async\" width=\"1024\" height=\"768\" src=\"http:\/\/kspnszz.org\/wp-content\/uploads\/2026\/03\/IMG_7436-1024x768.jpeg\" alt=\"\" class=\"wp-image-8128\" style=\"width:619px;height:auto\" srcset=\"http:\/\/kspnszz.org\/wp-content\/uploads\/2026\/03\/IMG_7436-1024x768.jpeg 1024w, http:\/\/kspnszz.org\/wp-content\/uploads\/2026\/03\/IMG_7436-300x225.jpeg 300w, http:\/\/kspnszz.org\/wp-content\/uploads\/2026\/03\/IMG_7436-768x576.jpeg 768w, http:\/\/kspnszz.org\/wp-content\/uploads\/2026\/03\/IMG_7436-1536x1152.jpeg 1536w, http:\/\/kspnszz.org\/wp-content\/uploads\/2026\/03\/IMG_7436.jpeg 2016w\" sizes=\"(max-width: 1024px) 100vw, 1024px\" \/><\/a><\/figure><\/div>\n\n<p style=\"text-align: justify;\">Przewodnicz\u0105cy MPSP Maciej \u0141ozowski przedstawi\u0142 za\u0142o\u017cenia rozdzia\u0142u tegorocznej podwy\u017cki. Zwi\u0105zkowcy poprosili obecnego na posiedzeniu Komendanta Wojew\u00f3dzkiego PSP o przypomnieniu podleg\u0142ym komendantom o obowi\u0105zku uzgodnienia wolnych \u015brodk\u00f3w przewidzianych w podwy\u017cce ze zwi\u0105zkami zawodowymi. B\u0119dzie to mo\u017cliwe po wej\u015bciu w\u00a0\u017cycie zmian rozporz\u0105dzenia ws. uposa\u017ce\u0144 stra\u017cak\u00f3w, kt\u00f3re wprowadzi nowe stawki za stopie\u0144 s\u0142u\u017cbowy i tym samym pozwoli na wyp\u0142acenie ca\u0142o\u015bci obligatoryjnej podwy\u017cki (w\u00a0grupie i\u00a0stopniu) i wyliczenie pozosta\u0142ej kwoty w ka\u017cdej z jednostek organizacyjnych.<\/p>\n<p style=\"text-align: justify;\">Zebrani przedyskutowali te\u017c nowe zasady kwalifikowania kandydat\u00f3w do udzia\u0142u w\u00a0post\u0119powaniu rekrutacyjnym na przeszkolenie zawodowe przygotowuj\u0105ce do zajmowania stanowisk oficerskich w PSP (SPO).<\/p>\n<p style=\"text-align: justify;\">Podlaski Komendant Wojew\u00f3dzki PSP st. bryg, Janusz Kondrat zapozna\u0142 zebranych ze stanem wymiany umundurowania s\u0142u\u017cbowego w poszczeg\u00f3lnych komendach wojew\u00f3dztwa podlaskiego. Dotychczas pozyskano 795 komplet\u00f3w ubra\u0144 i s\u0105 one systematycznie wydawane stra\u017cakom. Brakuj\u0105ce ubrania komendy b\u0119d\u0105 musia\u0142y zakupi\u0107 w ramach w\u0142asnych \u015brodk\u00f3w bud\u017cetowych.<\/p>\n<p style=\"text-align: justify;\">St. bryg, Janusz Kondrat odpowiada\u0142 tak\u017ce na pytania dotycz\u0105ce przenoszenia etat\u00f3w pomi\u0119dzy poszczeg\u00f3lnymi jednostkami organizacyjnymi PSP w wojew\u00f3dztwie. Zgodnie z zaleceniami KG PSP ma to doprowadzi\u0107 do wyr\u00f3wnania obci\u0105\u017cenia stra\u017cak\u00f3w ponadnormatywnym czasem s\u0142u\u017cby. Ponadto Komendant Wojew\u00f3dzki poinformowa\u0142, \u017ce w bie\u017c\u0105cym roku do wojew\u00f3dztwa podlaskiego trafi dodatkowo 16 etat\u00f3w, kt\u00f3re maj\u0105 wzmocni\u0107 piony kontrolno-rozpoznawcze oraz 3 etaty do nowopowstaj\u0105cej jednostki ratowniczo-ga\u015bniczej w Bia\u0142ymstoku.<\/p>\n<p style=\"text-align: justify;\">Jakub Andryszek, cz\u0142onek zespo\u0142u KG PSP ds. profilaktyki nowotworowej, przedstawi\u0142 ustalenia raportu przygotowanego przez zesp\u00f3\u0142, kt\u00f3ry zosta\u0142 przed\u0142o\u017cony Komendantowi G\u0142\u00f3wnemu PSP do akceptacji. Zwr\u00f3ci\u0142 tak\u017ce uwag\u0119 na konieczno\u015b\u0107 okresowego czyszczenia ubra\u0144 specjalnych ciek\u0142ym dwutlenkiem w\u0119gla, gdy\u017c jest to na chwil\u0119 obecn\u0105 jedyna metoda pozwalaj\u0105ca usun\u0105\u0107 w ca\u0142o\u015bci zanieczyszczenia substancjami toksycznymi.<\/p>\n<p style=\"text-align: justify;\">Przewodnicz\u0105cy KSP Bart\u0142omiej Mickiewicz om\u00f3wi\u0142 dzia\u0142ania Zwi\u0105zku w kontek\u015bcie sytuacji gospodarczej w kraju i skutk\u00f3w jakie mo\u017ce ona powodowa\u0107 dla stra\u017cak\u00f3w Pa\u0144stwowej Stra\u017cy Po\u017carnej.<\/p>\n<p style=\"text-align: justify;\">Podlascy zwi\u0105zkowcy om\u00f3wili te\u017c plany Sekcji na rok bie\u017c\u0105cy rok dotycz\u0105ce m.in. organizacji wycieczki oraz zawod\u00f3w sportowych.<\/p>\n\n<div class=\"wp-block-image\">\n<figure class=\"aligncenter size-large is-resized\"><a href=\"http:\/\/kspnszz.org\/wp-content\/uploads\/2026\/03\/IMG_7429-scaled.jpeg\" data-rel=\"lightbox-image-1\" data-rl_title=\"\" data-rl_caption=\"\" title=\"\"><img loading=\"lazy\" decoding=\"async\" width=\"1024\" height=\"768\" src=\"http:\/\/kspnszz.org\/wp-content\/uploads\/2026\/03\/IMG_7429-1024x768.jpeg\" alt=\"\" class=\"wp-image-8131\" style=\"width:585px;height:auto\" srcset=\"http:\/\/kspnszz.org\/wp-content\/uploads\/2026\/03\/IMG_7429-1024x768.jpeg 1024w, http:\/\/kspnszz.org\/wp-content\/uploads\/2026\/03\/IMG_7429-300x225.jpeg 300w, http:\/\/kspnszz.org\/wp-content\/uploads\/2026\/03\/IMG_7429-768x576.jpeg 768w, http:\/\/kspnszz.org\/wp-content\/uploads\/2026\/03\/IMG_7429-1536x1152.jpeg 1536w, http:\/\/kspnszz.org\/wp-content\/uploads\/2026\/03\/IMG_7429-2048x1536.jpeg 2048w\" sizes=\"(max-width: 1024px) 100vw, 1024px\" \/><\/a><\/figure><\/div>\n\n<div class=\"wp-block-image\">\n<figure class=\"aligncenter size-large is-resized\"><a href=\"http:\/\/kspnszz.org\/wp-content\/uploads\/2026\/03\/IMG_7438.jpeg\" data-rel=\"lightbox-image-2\" data-rl_title=\"\" data-rl_caption=\"\" title=\"\"><img loading=\"lazy\" decoding=\"async\" width=\"1024\" height=\"768\" src=\"http:\/\/kspnszz.org\/wp-content\/uploads\/2026\/03\/IMG_7438-1024x768.jpeg\" alt=\"\" class=\"wp-image-8129\" style=\"width:588px;height:auto\" srcset=\"http:\/\/kspnszz.org\/wp-content\/uploads\/2026\/03\/IMG_7438-1024x768.jpeg 1024w, http:\/\/kspnszz.org\/wp-content\/uploads\/2026\/03\/IMG_7438-300x225.jpeg 300w, http:\/\/kspnszz.org\/wp-content\/uploads\/2026\/03\/IMG_7438-768x576.jpeg 768w, http:\/\/kspnszz.org\/wp-content\/uploads\/2026\/03\/IMG_7438-1536x1152.jpeg 1536w, http:\/\/kspnszz.org\/wp-content\/uploads\/2026\/03\/IMG_7438.jpeg 2016w\" sizes=\"(max-width: 1024px) 100vw, 1024px\" \/><\/a><\/figure><\/div>\n\n<div class=\"wp-block-image\">\n<figure class=\"aligncenter size-large is-resized\"><a href=\"http:\/\/kspnszz.org\/wp-content\/uploads\/2026\/03\/IMG_7420.jpeg\" data-rel=\"lightbox-image-3\" data-rl_title=\"\" data-rl_caption=\"\" title=\"\"><img loading=\"lazy\" decoding=\"async\" width=\"1024\" height=\"769\" src=\"http:\/\/kspnszz.org\/wp-content\/uploads\/2026\/03\/IMG_7420-1024x769.jpeg\" alt=\"\" class=\"wp-image-8130\" style=\"width:590px;height:auto\" srcset=\"http:\/\/kspnszz.org\/wp-content\/uploads\/2026\/03\/IMG_7420-1024x769.jpeg 1024w, http:\/\/kspnszz.org\/wp-content\/uploads\/2026\/03\/IMG_7420-300x225.jpeg 300w, http:\/\/kspnszz.org\/wp-content\/uploads\/2026\/03\/IMG_7420-768x577.jpeg 768w, http:\/\/kspnszz.org\/wp-content\/uploads\/2026\/03\/IMG_7420.jpeg 1404w\" sizes=\"(max-width: 1024px) 100vw, 1024px\" \/><\/a><\/figure><\/div>","protected":false},"excerpt":{"rendered":"<p>Stra\u017cacy z Mi\u0119dzyregionalnej Podlaskiej Sekcji Po\u017carnictwa NSZZ \u201eSolidarno\u015b\u0107\u201d obradowali w Augustowie. Go\u015b\u0107mi posiedzenia byli Podlaski Komendant Wojew\u00f3dzki PSP st. bryg, Janusz Kondrat, Zast\u0119pca Komendanta Powiatowego PSP w Augustowie m\u0142. bryg Karol Karwowski oraz przewodnicz\u0105cy Krajowej Sekcji Po\u017carnictwa NSZZ \u201eSolidarno\u015b\u0107\u201d Bart\u0142omiej Mickiewicz i przewodnicz\u0105cy Regionalnej Sekcji Po\u017carnictwa NSZZ \u201eS\u201d woj. warmi\u0144sko-mazurskiego Jaros\u0142aw Rejner. \u00a0 Przewodnicz\u0105cy MPSP &hellip;<\/p>\n","protected":false},"author":2,"featured_media":8131,"comment_status":"closed","ping_status":"closed","sticky":false,"template":"","format":"standard","meta":{"footnotes":""},"categories":[2],"tags":[],"yoast_head":"<!-- This site is optimized with the Yoast SEO plugin v22.7 - https:\/\/yoast.com\/wordpress\/plugins\/seo\/ -->\n<title>Obradowali podlascy stra\u017cacy - KSPNSZZ<\/title>\n<meta name=\"robots\" content=\"index, follow, max-snippet:-1, max-image-preview:large, max-video-preview:-1\" \/>\n<link rel=\"canonical\" href=\"https:\/\/kspnszz.org\/index.php\/2026\/03\/07\/obradowali-podlascy-strazacy\/\" \/>\n<meta property=\"og:locale\" content=\"pl_PL\" \/>\n<meta property=\"og:type\" content=\"article\" \/>\n<meta property=\"og:title\" content=\"Obradowali podlascy stra\u017cacy - KSPNSZZ\" \/>\n<meta property=\"og:description\" content=\"Stra\u017cacy z Mi\u0119dzyregionalnej Podlaskiej Sekcji Po\u017carnictwa NSZZ \u201eSolidarno\u015b\u0107\u201d obradowali w Augustowie. Go\u015b\u0107mi posiedzenia byli Podlaski Komendant Wojew\u00f3dzki PSP st. bryg, Janusz Kondrat, Zast\u0119pca Komendanta Powiatowego PSP w Augustowie m\u0142. bryg Karol Karwowski oraz przewodnicz\u0105cy Krajowej Sekcji Po\u017carnictwa NSZZ \u201eSolidarno\u015b\u0107\u201d Bart\u0142omiej Mickiewicz i przewodnicz\u0105cy Regionalnej Sekcji Po\u017carnictwa NSZZ \u201eS\u201d woj. warmi\u0144sko-mazurskiego Jaros\u0142aw Rejner. \u00a0 Przewodnicz\u0105cy MPSP &hellip;\" \/>\n<meta property=\"og:url\" content=\"https:\/\/kspnszz.org\/index.php\/2026\/03\/07\/obradowali-podlascy-strazacy\/\" \/>\n<meta property=\"og:site_name\" content=\"KSPNSZZ\" \/>\n<meta property=\"article:published_time\" content=\"2026-03-07T13:28:15+00:00\" \/>\n<meta property=\"article:modified_time\" content=\"2026-03-07T13:28:18+00:00\" \/>\n<meta property=\"og:image\" content=\"http:\/\/kspnszz.org\/wp-content\/uploads\/2026\/03\/IMG_7429-scaled.jpeg\" \/>\n\t<meta property=\"og:image:width\" content=\"2560\" \/>\n\t<meta property=\"og:image:height\" content=\"1920\" \/>\n\t<meta property=\"og:image:type\" content=\"image\/jpeg\" \/>\n<meta name=\"author\" content=\"bartlomiej\" \/>\n<meta name=\"twitter:card\" content=\"summary_large_image\" \/>\n<meta name=\"twitter:label1\" content=\"Napisane przez\" \/>\n\t<meta name=\"twitter:data1\" content=\"bartlomiej\" \/>\n\t<meta name=\"twitter:label2\" content=\"Szacowany czas czytania\" \/>\n\t<meta name=\"twitter:data2\" content=\"4 minuty\" \/>\n<script type=\"application\/ld+json\" class=\"yoast-schema-graph\">{\"@context\":\"https:\/\/schema.org\",\"@graph\":[{\"@type\":\"WebPage\",\"@id\":\"https:\/\/kspnszz.org\/index.php\/2026\/03\/07\/obradowali-podlascy-strazacy\/\",\"url\":\"https:\/\/kspnszz.org\/index.php\/2026\/03\/07\/obradowali-podlascy-strazacy\/\",\"name\":\"Obradowali podlascy stra\u017cacy - KSPNSZZ\",\"isPartOf\":{\"@id\":\"https:\/\/kspnszz.org\/#website\"},\"primaryImageOfPage\":{\"@id\":\"https:\/\/kspnszz.org\/index.php\/2026\/03\/07\/obradowali-podlascy-strazacy\/#primaryimage\"},\"image\":{\"@id\":\"https:\/\/kspnszz.org\/index.php\/2026\/03\/07\/obradowali-podlascy-strazacy\/#primaryimage\"},\"thumbnailUrl\":\"http:\/\/kspnszz.org\/wp-content\/uploads\/2026\/03\/IMG_7429-scaled.jpeg\",\"datePublished\":\"2026-03-07T13:28:15+00:00\",\"dateModified\":\"2026-03-07T13:28:18+00:00\",\"author\":{\"@id\":\"https:\/\/kspnszz.org\/#\/schema\/person\/31096cf196f706ef50ecbd878903cc13\"},\"breadcrumb\":{\"@id\":\"https:\/\/kspnszz.org\/index.php\/2026\/03\/07\/obradowali-podlascy-strazacy\/#breadcrumb\"},\"inLanguage\":\"pl-PL\",\"potentialAction\":[{\"@type\":\"ReadAction\",\"target\":[\"https:\/\/kspnszz.org\/index.php\/2026\/03\/07\/obradowali-podlascy-strazacy\/\"]}]},{\"@type\":\"ImageObject\",\"inLanguage\":\"pl-PL\",\"@id\":\"https:\/\/kspnszz.org\/index.php\/2026\/03\/07\/obradowali-podlascy-strazacy\/#primaryimage\",\"url\":\"http:\/\/kspnszz.org\/wp-content\/uploads\/2026\/03\/IMG_7429-scaled.jpeg\",\"contentUrl\":\"http:\/\/kspnszz.org\/wp-content\/uploads\/2026\/03\/IMG_7429-scaled.jpeg\",\"width\":2560,\"height\":1920},{\"@type\":\"BreadcrumbList\",\"@id\":\"https:\/\/kspnszz.org\/index.php\/2026\/03\/07\/obradowali-podlascy-strazacy\/#breadcrumb\",\"itemListElement\":[{\"@type\":\"ListItem\",\"position\":1,\"name\":\"Strona g\u0142\u00f3wna\",\"item\":\"https:\/\/kspnszz.org\/\"},{\"@type\":\"ListItem\",\"position\":2,\"name\":\"Obradowali podlascy stra\u017cacy\"}]},{\"@type\":\"WebSite\",\"@id\":\"https:\/\/kspnszz.org\/#website\",\"url\":\"https:\/\/kspnszz.org\/\",\"name\":\"KSPNSZZ\",\"description\":\"Krajowa Sekcja Po\u017carnictwa\",\"potentialAction\":[{\"@type\":\"SearchAction\",\"target\":{\"@type\":\"EntryPoint\",\"urlTemplate\":\"https:\/\/kspnszz.org\/?s={search_term_string}\"},\"query-input\":\"required name=search_term_string\"}],\"inLanguage\":\"pl-PL\"},{\"@type\":\"Person\",\"@id\":\"https:\/\/kspnszz.org\/#\/schema\/person\/31096cf196f706ef50ecbd878903cc13\",\"name\":\"bartlomiej\",\"image\":{\"@type\":\"ImageObject\",\"inLanguage\":\"pl-PL\",\"@id\":\"https:\/\/kspnszz.org\/#\/schema\/person\/image\/\",\"url\":\"http:\/\/0.gravatar.com\/avatar\/cb681656f150968eb94b73c62cf58e52?s=96&d=mm&r=g\",\"contentUrl\":\"http:\/\/0.gravatar.com\/avatar\/cb681656f150968eb94b73c62cf58e52?s=96&d=mm&r=g\",\"caption\":\"bartlomiej\"},\"url\":\"http:\/\/kspnszz.org\/index.php\/author\/bartlomiej\/\"}]}<\/script>\n<!-- \/ Yoast SEO plugin. -->","yoast_head_json":{"title":"Obradowali podlascy stra\u017cacy - KSPNSZZ","robots":{"index":"index","follow":"follow","max-snippet":"max-snippet:-1","max-image-preview":"max-image-preview:large","max-video-preview":"max-video-preview:-1"},"canonical":"https:\/\/kspnszz.org\/index.php\/2026\/03\/07\/obradowali-podlascy-strazacy\/","og_locale":"pl_PL","og_type":"article","og_title":"Obradowali podlascy stra\u017cacy - KSPNSZZ","og_description":"Stra\u017cacy z Mi\u0119dzyregionalnej Podlaskiej Sekcji Po\u017carnictwa NSZZ \u201eSolidarno\u015b\u0107\u201d obradowali w Augustowie. Go\u015b\u0107mi posiedzenia byli Podlaski Komendant Wojew\u00f3dzki PSP st. bryg, Janusz Kondrat, Zast\u0119pca Komendanta Powiatowego PSP w Augustowie m\u0142. bryg Karol Karwowski oraz przewodnicz\u0105cy Krajowej Sekcji Po\u017carnictwa NSZZ \u201eSolidarno\u015b\u0107\u201d Bart\u0142omiej Mickiewicz i przewodnicz\u0105cy Regionalnej Sekcji Po\u017carnictwa NSZZ \u201eS\u201d woj. warmi\u0144sko-mazurskiego Jaros\u0142aw Rejner. \u00a0 Przewodnicz\u0105cy MPSP &hellip;","og_url":"https:\/\/kspnszz.org\/index.php\/2026\/03\/07\/obradowali-podlascy-strazacy\/","og_site_name":"KSPNSZZ","article_published_time":"2026-03-07T13:28:15+00:00","article_modified_time":"2026-03-07T13:28:18+00:00","og_image":[{"width":2560,"height":1920,"url":"http:\/\/kspnszz.org\/wp-content\/uploads\/2026\/03\/IMG_7429-scaled.jpeg","type":"image\/jpeg"}],"author":"bartlomiej","twitter_card":"summary_large_image","twitter_misc":{"Napisane przez":"bartlomiej","Szacowany czas czytania":"4 minuty"},"schema":{"@context":"https:\/\/schema.org","@graph":[{"@type":"WebPage","@id":"https:\/\/kspnszz.org\/index.php\/2026\/03\/07\/obradowali-podlascy-strazacy\/","url":"https:\/\/kspnszz.org\/index.php\/2026\/03\/07\/obradowali-podlascy-strazacy\/","name":"Obradowali podlascy stra\u017cacy - KSPNSZZ","isPartOf":{"@id":"https:\/\/kspnszz.org\/#website"},"primaryImageOfPage":{"@id":"https:\/\/kspnszz.org\/index.php\/2026\/03\/07\/obradowali-podlascy-strazacy\/#primaryimage"},"image":{"@id":"https:\/\/kspnszz.org\/index.php\/2026\/03\/07\/obradowali-podlascy-strazacy\/#primaryimage"},"thumbnailUrl":"http:\/\/kspnszz.org\/wp-content\/uploads\/2026\/03\/IMG_7429-scaled.jpeg","datePublished":"2026-03-07T13:28:15+00:00","dateModified":"2026-03-07T13:28:18+00:00","author":{"@id":"https:\/\/kspnszz.org\/#\/schema\/person\/31096cf196f706ef50ecbd878903cc13"},"breadcrumb":{"@id":"https:\/\/kspnszz.org\/index.php\/2026\/03\/07\/obradowali-podlascy-strazacy\/#breadcrumb"},"inLanguage":"pl-PL","potentialAction":[{"@type":"ReadAction","target":["https:\/\/kspnszz.org\/index.php\/2026\/03\/07\/obradowali-podlascy-strazacy\/"]}]},{"@type":"ImageObject","inLanguage":"pl-PL","@id":"https:\/\/kspnszz.org\/index.php\/2026\/03\/07\/obradowali-podlascy-strazacy\/#primaryimage","url":"http:\/\/kspnszz.org\/wp-content\/uploads\/2026\/03\/IMG_7429-scaled.jpeg","contentUrl":"http:\/\/kspnszz.org\/wp-content\/uploads\/2026\/03\/IMG_7429-scaled.jpeg","width":2560,"height":1920},{"@type":"BreadcrumbList","@id":"https:\/\/kspnszz.org\/index.php\/2026\/03\/07\/obradowali-podlascy-strazacy\/#breadcrumb","itemListElement":[{"@type":"ListItem","position":1,"name":"Strona g\u0142\u00f3wna","item":"https:\/\/kspnszz.org\/"},{"@type":"ListItem","position":2,"name":"Obradowali podlascy stra\u017cacy"}]},{"@type":"WebSite","@id":"https:\/\/kspnszz.org\/#website","url":"https:\/\/kspnszz.org\/","name":"KSPNSZZ","description":"Krajowa Sekcja Po\u017carnictwa","potentialAction":[{"@type":"SearchAction","target":{"@type":"EntryPoint","urlTemplate":"https:\/\/kspnszz.org\/?s={search_term_string}"},"query-input":"required name=search_term_string"}],"inLanguage":"pl-PL"},{"@type":"Person","@id":"https:\/\/kspnszz.org\/#\/schema\/person\/31096cf196f706ef50ecbd878903cc13","name":"bartlomiej","image":{"@type":"ImageObject","inLanguage":"pl-PL","@id":"https:\/\/kspnszz.org\/#\/schema\/person\/image\/","url":"http:\/\/0.gravatar.com\/avatar\/cb681656f150968eb94b73c62cf58e52?s=96&d=mm&r=g","contentUrl":"http:\/\/0.gravatar.com\/avatar\/cb681656f150968eb94b73c62cf58e52?s=96&d=mm&r=g","caption":"bartlomiej"},"url":"http:\/\/kspnszz.org\/index.php\/author\/bartlomiej\/"}]}},"_links":{"self":[{"href":"http:\/\/kspnszz.org\/index.php\/wp-json\/wp\/v2\/posts\/8132"}],"collection":[{"href":"http:\/\/kspnszz.org\/index.php\/wp-json\/wp\/v2\/posts"}],"about":[{"href":"http:\/\/kspnszz.org\/index.php\/wp-json\/wp\/v2\/types\/post"}],"author":[{"embeddable":true,"href":"http:\/\/kspnszz.org\/index.php\/wp-json\/wp\/v2\/users\/2"}],"replies":[{"embeddable":true,"href":"http:\/\/kspnszz.org\/index.php\/wp-json\/wp\/v2\/comments?post=8132"}],"version-history":[{"count":1,"href":"http:\/\/kspnszz.org\/index.php\/wp-json\/wp\/v2\/posts\/8132\/revisions"}],"predecessor-version":[{"id":8133,"href":"http:\/\/kspnszz.org\/index.php\/wp-json\/wp\/v2\/posts\/8132\/revisions\/8133"}],"wp:featuredmedia":[{"embeddable":true,"href":"http:\/\/kspnszz.org\/index.php\/wp-json\/wp\/v2\/media\/8131"}],"wp:attachment":[{"href":"http:\/\/kspnszz.org\/index.php\/wp-json\/wp\/v2\/media?parent=8132"}],"wp:term":[{"taxonomy":"category","embeddable":true,"href":"http:\/\/kspnszz.org\/index.php\/wp-json\/wp\/v2\/categories?post=8132"},{"taxonomy":"post_tag","embeddable":true,"href":"http:\/\/kspnszz.org\/index.php\/wp-json\/wp\/v2\/tags?post=8132"}],"curies":[{"name":"wp","href":"https:\/\/api.w.org\/{rel}","templated":true}]}}