{"id":6822,"date":"2024-11-14T15:11:24","date_gmt":"2024-11-14T14:11:24","guid":{"rendered":"https:\/\/kspnszz.org\/?p=6822"},"modified":"2024-11-14T15:12:17","modified_gmt":"2024-11-14T14:12:17","slug":"obchody-narodowego-swieta-niepodleglosci-w-kg-psp","status":"publish","type":"post","link":"http:\/\/kspnszz.org\/index.php\/2024\/11\/14\/obchody-narodowego-swieta-niepodleglosci-w-kg-psp\/","title":{"rendered":"Obchody Narodowego \u015awi\u0119ta Niepodleg\u0142o\u015bci w KG PSP"},"content":{"rendered":"<p style=\"text-align: justify;\"><strong>W \u015brod\u0119 13 listopada 2024 r. w siedzibie Komendy G\u0142\u00f3wnej PSP odby\u0142a si\u0119 uroczysta zbi\u00f3rka z\u00a0okazji Narodowego \u015awi\u0119ta Niepodleg\u0142o\u015bci oraz promocji na pierwszy stopie\u0144 oficerski w\u00a0Pa\u0144stwowej Stra\u017cy Po\u017carnej.<\/strong><\/p>\n\n<div class=\"wp-block-image\">\n<figure class=\"aligncenter size-large is-resized\"><a href=\"http:\/\/kspnszz.org\/wp-content\/uploads\/2024\/11\/590A4221-scaled.jpg\" data-rel=\"lightbox-image-0\" data-rl_title=\"\" data-rl_caption=\"\" title=\"\"><img loading=\"lazy\" decoding=\"async\" width=\"1024\" height=\"683\" src=\"http:\/\/kspnszz.org\/wp-content\/uploads\/2024\/11\/590A4221-1024x683.jpg\" alt=\"\" class=\"wp-image-6821\" style=\"width:522px;height:auto\" srcset=\"http:\/\/kspnszz.org\/wp-content\/uploads\/2024\/11\/590A4221-1024x683.jpg 1024w, http:\/\/kspnszz.org\/wp-content\/uploads\/2024\/11\/590A4221-300x200.jpg 300w, http:\/\/kspnszz.org\/wp-content\/uploads\/2024\/11\/590A4221-768x512.jpg 768w, http:\/\/kspnszz.org\/wp-content\/uploads\/2024\/11\/590A4221-1536x1024.jpg 1536w, http:\/\/kspnszz.org\/wp-content\/uploads\/2024\/11\/590A4221-2048x1365.jpg 2048w\" sizes=\"(max-width: 1024px) 100vw, 1024px\" \/><\/a><\/figure><\/div>\n\n<p style=\"text-align: justify;\">Udzia\u0142 w uroczysto\u015bci wzi\u0119li: wiceminister SWiA Wies\u0142aw Le\u015bniakiewicz, komendant g\u0142\u00f3wny PSP nadbryg. dr in\u017c. Mariusz Feltynowski, komendanci g\u0142\u00f3wni Policji, Stra\u017cy Granicznej oraz S\u0142u\u017cby Ochrony Pa\u0144stwa, a\u00a0tak\u017ce pododdzia\u0142 odznaczonych, wyr\u00f3\u017cnionych i awansowanych funkcjonariuszy i\u00a0pracownik\u00f3w cywilnych Komendy G\u0142\u00f3wnej PSP oraz pododdzia\u0142 promowanych funkcjonariuszy PSP. Krajow\u0105 Sekcj\u0119 Po\u017carnictwa NSZZ \u201eSolidarno\u015b\u0107\u201d podczas uroczysto\u015bci reprezentowa\u0142 Wojciech Wilk.<\/p>\n<p style=\"text-align: justify;\">Podczas uroczysto\u015bci komendant g\u0142\u00f3wny PSP nadbryg. Mariusz Feltynowski dokona\u0142 aktu promocji na pierwszy stopie\u0144 oficerski Pa\u0144stwowej Stra\u017cy Po\u017carnej 43 stra\u017cak\u00f3w, kt\u00f3rym Minister Spraw Wewn\u0119trznych i Administracji Pan Tomasz Siemoniak, rozkazami personalnymi z dnia 5 listopada 2024 r. nada\u0142 stopie\u0144\u00a0<em>m\u0142odszego kapitana PSP.\u00a0<\/em>Promocj\u0119 otrzymali stra\u017cacy, kt\u00f3rzy uko\u0144czyli w\u00a0Akademii Po\u017carniczej przeszkolenie zawodowe przygotowuj\u0105ce do zajmowania stanowisk oficerskich w\u00a0Pa\u0144stwowej Stra\u017cy Po\u017carnej (SPO) lub stanowisk zwi\u0105zanych z kierowaniem dzia\u0142aniami ratowniczymi (SPK).<\/p>\n<p style=\"text-align: justify;\">Podczas uroczystego apelu, Komendant G\u0142\u00f3wny PSP wraz z wiceministrem SWiA wr\u0119czy\u0142 funkcjonariuszom i pracownikom cywilnym Komendy, odznaczenia, wyr\u00f3\u017cnienia oraz awanse na wy\u017cszy stopie\u0144.<\/p>\n<p style=\"text-align: justify;\">\u0179r\u00f3d\u0142o: KG PSP, foto st.bryg. K.Kierzkowski<\/p>","protected":false},"excerpt":{"rendered":"<p>W \u015brod\u0119 13 listopada 2024 r. w siedzibie Komendy G\u0142\u00f3wnej PSP odby\u0142a si\u0119 uroczysta zbi\u00f3rka z\u00a0okazji Narodowego \u015awi\u0119ta Niepodleg\u0142o\u015bci oraz promocji na pierwszy stopie\u0144 oficerski w\u00a0Pa\u0144stwowej Stra\u017cy Po\u017carnej. Udzia\u0142 w uroczysto\u015bci wzi\u0119li: wiceminister SWiA Wies\u0142aw Le\u015bniakiewicz, komendant g\u0142\u00f3wny PSP nadbryg. dr in\u017c. Mariusz Feltynowski, komendanci g\u0142\u00f3wni Policji, Stra\u017cy Granicznej oraz S\u0142u\u017cby Ochrony Pa\u0144stwa, a\u00a0tak\u017ce pododdzia\u0142 &hellip;<\/p>\n","protected":false},"author":2,"featured_media":6821,"comment_status":"closed","ping_status":"closed","sticky":false,"template":"","format":"standard","meta":{"footnotes":""},"categories":[2],"tags":[],"yoast_head":"<!-- This site is optimized with the Yoast SEO plugin v22.7 - https:\/\/yoast.com\/wordpress\/plugins\/seo\/ -->\n<title>Obchody Narodowego \u015awi\u0119ta Niepodleg\u0142o\u015bci w KG PSP - KSPNSZZ<\/title>\n<meta name=\"robots\" content=\"index, follow, max-snippet:-1, max-image-preview:large, max-video-preview:-1\" \/>\n<link rel=\"canonical\" href=\"https:\/\/kspnszz.org\/index.php\/2024\/11\/14\/obchody-narodowego-swieta-niepodleglosci-w-kg-psp\/\" \/>\n<meta property=\"og:locale\" content=\"pl_PL\" \/>\n<meta property=\"og:type\" content=\"article\" \/>\n<meta property=\"og:title\" content=\"Obchody Narodowego \u015awi\u0119ta Niepodleg\u0142o\u015bci w KG PSP - KSPNSZZ\" \/>\n<meta property=\"og:description\" content=\"W \u015brod\u0119 13 listopada 2024 r. w siedzibie Komendy G\u0142\u00f3wnej PSP odby\u0142a si\u0119 uroczysta zbi\u00f3rka z\u00a0okazji Narodowego \u015awi\u0119ta Niepodleg\u0142o\u015bci oraz promocji na pierwszy stopie\u0144 oficerski w\u00a0Pa\u0144stwowej Stra\u017cy Po\u017carnej. Udzia\u0142 w uroczysto\u015bci wzi\u0119li: wiceminister SWiA Wies\u0142aw Le\u015bniakiewicz, komendant g\u0142\u00f3wny PSP nadbryg. dr in\u017c. Mariusz Feltynowski, komendanci g\u0142\u00f3wni Policji, Stra\u017cy Granicznej oraz S\u0142u\u017cby Ochrony Pa\u0144stwa, a\u00a0tak\u017ce pododdzia\u0142 &hellip;\" \/>\n<meta property=\"og:url\" content=\"https:\/\/kspnszz.org\/index.php\/2024\/11\/14\/obchody-narodowego-swieta-niepodleglosci-w-kg-psp\/\" \/>\n<meta property=\"og:site_name\" content=\"KSPNSZZ\" \/>\n<meta property=\"article:published_time\" content=\"2024-11-14T14:11:24+00:00\" \/>\n<meta property=\"article:modified_time\" content=\"2024-11-14T14:12:17+00:00\" \/>\n<meta property=\"og:image\" content=\"https:\/\/kspnszz.org\/wp-content\/uploads\/2024\/11\/590A4221-scaled.jpg\" \/>\n\t<meta property=\"og:image:width\" content=\"2560\" \/>\n\t<meta property=\"og:image:height\" content=\"1707\" \/>\n\t<meta property=\"og:image:type\" content=\"image\/jpeg\" \/>\n<meta name=\"author\" content=\"bartlomiej\" \/>\n<meta name=\"twitter:card\" content=\"summary_large_image\" \/>\n<meta name=\"twitter:label1\" content=\"Napisane przez\" \/>\n\t<meta name=\"twitter:data1\" content=\"bartlomiej\" \/>\n\t<meta name=\"twitter:label2\" content=\"Szacowany czas czytania\" \/>\n\t<meta name=\"twitter:data2\" content=\"2 minuty\" \/>\n<script type=\"application\/ld+json\" class=\"yoast-schema-graph\">{\"@context\":\"https:\/\/schema.org\",\"@graph\":[{\"@type\":\"WebPage\",\"@id\":\"https:\/\/kspnszz.org\/index.php\/2024\/11\/14\/obchody-narodowego-swieta-niepodleglosci-w-kg-psp\/\",\"url\":\"https:\/\/kspnszz.org\/index.php\/2024\/11\/14\/obchody-narodowego-swieta-niepodleglosci-w-kg-psp\/\",\"name\":\"Obchody Narodowego \u015awi\u0119ta Niepodleg\u0142o\u015bci w KG PSP - KSPNSZZ\",\"isPartOf\":{\"@id\":\"http:\/\/kspnszz.org\/#website\"},\"primaryImageOfPage\":{\"@id\":\"https:\/\/kspnszz.org\/index.php\/2024\/11\/14\/obchody-narodowego-swieta-niepodleglosci-w-kg-psp\/#primaryimage\"},\"image\":{\"@id\":\"https:\/\/kspnszz.org\/index.php\/2024\/11\/14\/obchody-narodowego-swieta-niepodleglosci-w-kg-psp\/#primaryimage\"},\"thumbnailUrl\":\"http:\/\/kspnszz.org\/wp-content\/uploads\/2024\/11\/590A4221-scaled.jpg\",\"datePublished\":\"2024-11-14T14:11:24+00:00\",\"dateModified\":\"2024-11-14T14:12:17+00:00\",\"author\":{\"@id\":\"http:\/\/kspnszz.org\/#\/schema\/person\/31096cf196f706ef50ecbd878903cc13\"},\"breadcrumb\":{\"@id\":\"https:\/\/kspnszz.org\/index.php\/2024\/11\/14\/obchody-narodowego-swieta-niepodleglosci-w-kg-psp\/#breadcrumb\"},\"inLanguage\":\"pl-PL\",\"potentialAction\":[{\"@type\":\"ReadAction\",\"target\":[\"https:\/\/kspnszz.org\/index.php\/2024\/11\/14\/obchody-narodowego-swieta-niepodleglosci-w-kg-psp\/\"]}]},{\"@type\":\"ImageObject\",\"inLanguage\":\"pl-PL\",\"@id\":\"https:\/\/kspnszz.org\/index.php\/2024\/11\/14\/obchody-narodowego-swieta-niepodleglosci-w-kg-psp\/#primaryimage\",\"url\":\"http:\/\/kspnszz.org\/wp-content\/uploads\/2024\/11\/590A4221-scaled.jpg\",\"contentUrl\":\"http:\/\/kspnszz.org\/wp-content\/uploads\/2024\/11\/590A4221-scaled.jpg\",\"width\":2560,\"height\":1707},{\"@type\":\"BreadcrumbList\",\"@id\":\"https:\/\/kspnszz.org\/index.php\/2024\/11\/14\/obchody-narodowego-swieta-niepodleglosci-w-kg-psp\/#breadcrumb\",\"itemListElement\":[{\"@type\":\"ListItem\",\"position\":1,\"name\":\"Strona g\u0142\u00f3wna\",\"item\":\"http:\/\/kspnszz.org\/\"},{\"@type\":\"ListItem\",\"position\":2,\"name\":\"Obchody Narodowego \u015awi\u0119ta Niepodleg\u0142o\u015bci w KG PSP\"}]},{\"@type\":\"WebSite\",\"@id\":\"http:\/\/kspnszz.org\/#website\",\"url\":\"http:\/\/kspnszz.org\/\",\"name\":\"KSPNSZZ\",\"description\":\"Krajowa Sekcja Po\u017carnictwa\",\"potentialAction\":[{\"@type\":\"SearchAction\",\"target\":{\"@type\":\"EntryPoint\",\"urlTemplate\":\"http:\/\/kspnszz.org\/?s={search_term_string}\"},\"query-input\":\"required name=search_term_string\"}],\"inLanguage\":\"pl-PL\"},{\"@type\":\"Person\",\"@id\":\"http:\/\/kspnszz.org\/#\/schema\/person\/31096cf196f706ef50ecbd878903cc13\",\"name\":\"bartlomiej\",\"image\":{\"@type\":\"ImageObject\",\"inLanguage\":\"pl-PL\",\"@id\":\"http:\/\/kspnszz.org\/#\/schema\/person\/image\/\",\"url\":\"http:\/\/0.gravatar.com\/avatar\/cb681656f150968eb94b73c62cf58e52?s=96&d=mm&r=g\",\"contentUrl\":\"http:\/\/0.gravatar.com\/avatar\/cb681656f150968eb94b73c62cf58e52?s=96&d=mm&r=g\",\"caption\":\"bartlomiej\"},\"url\":\"http:\/\/kspnszz.org\/index.php\/author\/bartlomiej\/\"}]}<\/script>\n<!-- \/ Yoast SEO plugin. -->","yoast_head_json":{"title":"Obchody Narodowego \u015awi\u0119ta Niepodleg\u0142o\u015bci w KG PSP - KSPNSZZ","robots":{"index":"index","follow":"follow","max-snippet":"max-snippet:-1","max-image-preview":"max-image-preview:large","max-video-preview":"max-video-preview:-1"},"canonical":"https:\/\/kspnszz.org\/index.php\/2024\/11\/14\/obchody-narodowego-swieta-niepodleglosci-w-kg-psp\/","og_locale":"pl_PL","og_type":"article","og_title":"Obchody Narodowego \u015awi\u0119ta Niepodleg\u0142o\u015bci w KG PSP - KSPNSZZ","og_description":"W \u015brod\u0119 13 listopada 2024 r. w siedzibie Komendy G\u0142\u00f3wnej PSP odby\u0142a si\u0119 uroczysta zbi\u00f3rka z\u00a0okazji Narodowego \u015awi\u0119ta Niepodleg\u0142o\u015bci oraz promocji na pierwszy stopie\u0144 oficerski w\u00a0Pa\u0144stwowej Stra\u017cy Po\u017carnej. Udzia\u0142 w uroczysto\u015bci wzi\u0119li: wiceminister SWiA Wies\u0142aw Le\u015bniakiewicz, komendant g\u0142\u00f3wny PSP nadbryg. dr in\u017c. Mariusz Feltynowski, komendanci g\u0142\u00f3wni Policji, Stra\u017cy Granicznej oraz S\u0142u\u017cby Ochrony Pa\u0144stwa, a\u00a0tak\u017ce pododdzia\u0142 &hellip;","og_url":"https:\/\/kspnszz.org\/index.php\/2024\/11\/14\/obchody-narodowego-swieta-niepodleglosci-w-kg-psp\/","og_site_name":"KSPNSZZ","article_published_time":"2024-11-14T14:11:24+00:00","article_modified_time":"2024-11-14T14:12:17+00:00","og_image":[{"width":2560,"height":1707,"url":"https:\/\/kspnszz.org\/wp-content\/uploads\/2024\/11\/590A4221-scaled.jpg","type":"image\/jpeg"}],"author":"bartlomiej","twitter_card":"summary_large_image","twitter_misc":{"Napisane przez":"bartlomiej","Szacowany czas czytania":"2 minuty"},"schema":{"@context":"https:\/\/schema.org","@graph":[{"@type":"WebPage","@id":"https:\/\/kspnszz.org\/index.php\/2024\/11\/14\/obchody-narodowego-swieta-niepodleglosci-w-kg-psp\/","url":"https:\/\/kspnszz.org\/index.php\/2024\/11\/14\/obchody-narodowego-swieta-niepodleglosci-w-kg-psp\/","name":"Obchody Narodowego \u015awi\u0119ta Niepodleg\u0142o\u015bci w KG PSP - KSPNSZZ","isPartOf":{"@id":"http:\/\/kspnszz.org\/#website"},"primaryImageOfPage":{"@id":"https:\/\/kspnszz.org\/index.php\/2024\/11\/14\/obchody-narodowego-swieta-niepodleglosci-w-kg-psp\/#primaryimage"},"image":{"@id":"https:\/\/kspnszz.org\/index.php\/2024\/11\/14\/obchody-narodowego-swieta-niepodleglosci-w-kg-psp\/#primaryimage"},"thumbnailUrl":"http:\/\/kspnszz.org\/wp-content\/uploads\/2024\/11\/590A4221-scaled.jpg","datePublished":"2024-11-14T14:11:24+00:00","dateModified":"2024-11-14T14:12:17+00:00","author":{"@id":"http:\/\/kspnszz.org\/#\/schema\/person\/31096cf196f706ef50ecbd878903cc13"},"breadcrumb":{"@id":"https:\/\/kspnszz.org\/index.php\/2024\/11\/14\/obchody-narodowego-swieta-niepodleglosci-w-kg-psp\/#breadcrumb"},"inLanguage":"pl-PL","potentialAction":[{"@type":"ReadAction","target":["https:\/\/kspnszz.org\/index.php\/2024\/11\/14\/obchody-narodowego-swieta-niepodleglosci-w-kg-psp\/"]}]},{"@type":"ImageObject","inLanguage":"pl-PL","@id":"https:\/\/kspnszz.org\/index.php\/2024\/11\/14\/obchody-narodowego-swieta-niepodleglosci-w-kg-psp\/#primaryimage","url":"http:\/\/kspnszz.org\/wp-content\/uploads\/2024\/11\/590A4221-scaled.jpg","contentUrl":"http:\/\/kspnszz.org\/wp-content\/uploads\/2024\/11\/590A4221-scaled.jpg","width":2560,"height":1707},{"@type":"BreadcrumbList","@id":"https:\/\/kspnszz.org\/index.php\/2024\/11\/14\/obchody-narodowego-swieta-niepodleglosci-w-kg-psp\/#breadcrumb","itemListElement":[{"@type":"ListItem","position":1,"name":"Strona g\u0142\u00f3wna","item":"http:\/\/kspnszz.org\/"},{"@type":"ListItem","position":2,"name":"Obchody Narodowego \u015awi\u0119ta Niepodleg\u0142o\u015bci w KG PSP"}]},{"@type":"WebSite","@id":"http:\/\/kspnszz.org\/#website","url":"http:\/\/kspnszz.org\/","name":"KSPNSZZ","description":"Krajowa Sekcja Po\u017carnictwa","potentialAction":[{"@type":"SearchAction","target":{"@type":"EntryPoint","urlTemplate":"http:\/\/kspnszz.org\/?s={search_term_string}"},"query-input":"required name=search_term_string"}],"inLanguage":"pl-PL"},{"@type":"Person","@id":"http:\/\/kspnszz.org\/#\/schema\/person\/31096cf196f706ef50ecbd878903cc13","name":"bartlomiej","image":{"@type":"ImageObject","inLanguage":"pl-PL","@id":"http:\/\/kspnszz.org\/#\/schema\/person\/image\/","url":"http:\/\/0.gravatar.com\/avatar\/cb681656f150968eb94b73c62cf58e52?s=96&d=mm&r=g","contentUrl":"http:\/\/0.gravatar.com\/avatar\/cb681656f150968eb94b73c62cf58e52?s=96&d=mm&r=g","caption":"bartlomiej"},"url":"http:\/\/kspnszz.org\/index.php\/author\/bartlomiej\/"}]}},"_links":{"self":[{"href":"http:\/\/kspnszz.org\/index.php\/wp-json\/wp\/v2\/posts\/6822"}],"collection":[{"href":"http:\/\/kspnszz.org\/index.php\/wp-json\/wp\/v2\/posts"}],"about":[{"href":"http:\/\/kspnszz.org\/index.php\/wp-json\/wp\/v2\/types\/post"}],"author":[{"embeddable":true,"href":"http:\/\/kspnszz.org\/index.php\/wp-json\/wp\/v2\/users\/2"}],"replies":[{"embeddable":true,"href":"http:\/\/kspnszz.org\/index.php\/wp-json\/wp\/v2\/comments?post=6822"}],"version-history":[{"count":3,"href":"http:\/\/kspnszz.org\/index.php\/wp-json\/wp\/v2\/posts\/6822\/revisions"}],"predecessor-version":[{"id":6825,"href":"http:\/\/kspnszz.org\/index.php\/wp-json\/wp\/v2\/posts\/6822\/revisions\/6825"}],"wp:featuredmedia":[{"embeddable":true,"href":"http:\/\/kspnszz.org\/index.php\/wp-json\/wp\/v2\/media\/6821"}],"wp:attachment":[{"href":"http:\/\/kspnszz.org\/index.php\/wp-json\/wp\/v2\/media?parent=6822"}],"wp:term":[{"taxonomy":"category","embeddable":true,"href":"http:\/\/kspnszz.org\/index.php\/wp-json\/wp\/v2\/categories?post=6822"},{"taxonomy":"post_tag","embeddable":true,"href":"http:\/\/kspnszz.org\/index.php\/wp-json\/wp\/v2\/tags?post=6822"}],"curies":[{"name":"wp","href":"https:\/\/api.w.org\/{rel}","templated":true}]}}