{"id":6176,"date":"2024-05-01T11:16:19","date_gmt":"2024-05-01T09:16:19","guid":{"rendered":"http:\/\/kspnszz.org\/?p=6176"},"modified":"2024-05-01T11:16:19","modified_gmt":"2024-05-01T09:16:19","slug":"budzety-komend-nie-udzwigna-zielonego-ladu","status":"publish","type":"post","link":"http:\/\/kspnszz.org\/index.php\/2024\/05\/01\/budzety-komend-nie-udzwigna-zielonego-ladu\/","title":{"rendered":"Bud\u017cety komend nie ud\u017awign\u0105 Zielonego \u0141adu"},"content":{"rendered":"<p style=\"text-align: justify;\"><strong>W Gda\u0144sku, 29 kwietnia 2024 r., odby\u0142o si\u0119 posiedzenie Mi\u0119dzyregionalnej Pomorskiej Sekcji Po\u017carnictwa NSZZ \u201eSolidarno\u015b\u0107\u201d, na kt\u00f3rym om\u00f3wiono bie\u017c\u0105ce dzia\u0142ania Zwi\u0105zku oraz problemy z\u00a0jakimi borykaj\u0105 si\u0119 pomorscy stra\u017cacy. W posiedzeniu udzia\u0142 wzi\u0119li zast\u0119pcy Pomorskiego Komendanta Wojew\u00f3dzkiego PSP st. bryg. Marian Hinca oraz bryg. B\u0142a\u017cej Chamier Cieminski. Krajow\u0105 Sekcj\u0119 Po\u017carnictwa NSZZ \u201eSolidarno\u015b\u0107\u201d reprezentowa\u0142 natomiast wiceprzewodnicz\u0105cy Maciej \u0141ozowski.<\/strong><\/p>\n<p style=\"text-align: justify;\"><a href=\"http:\/\/kspnszz.org\/wp-content\/uploads\/2024\/05\/6b642050-83d6-4268-b0ed-9e3b426500d9.jpg\" data-rel=\"lightbox-image-0\" data-rl_title=\"\" data-rl_caption=\"\" title=\"\"><img loading=\"lazy\" decoding=\"async\" class=\"aligncenter  wp-image-6173\" src=\"http:\/\/kspnszz.org\/wp-content\/uploads\/2024\/05\/6b642050-83d6-4268-b0ed-9e3b426500d9-1024x686.jpg\" alt=\"6b642050-83d6-4268-b0ed-9e3b426500d9\" width=\"424\" height=\"284\" srcset=\"http:\/\/kspnszz.org\/wp-content\/uploads\/2024\/05\/6b642050-83d6-4268-b0ed-9e3b426500d9-1024x686.jpg 1024w, http:\/\/kspnszz.org\/wp-content\/uploads\/2024\/05\/6b642050-83d6-4268-b0ed-9e3b426500d9-300x201.jpg 300w, http:\/\/kspnszz.org\/wp-content\/uploads\/2024\/05\/6b642050-83d6-4268-b0ed-9e3b426500d9-110x75.jpg 110w, http:\/\/kspnszz.org\/wp-content\/uploads\/2024\/05\/6b642050-83d6-4268-b0ed-9e3b426500d9.jpg 1270w\" sizes=\"(max-width: 424px) 100vw, 424px\" \/><\/a><\/p>\n<p style=\"text-align: justify;\">Zast\u0119pca przewodnicz\u0105cego KSP Maciej \u0141ozowski zaapelowa\u0142 o jak najliczniejszy udzia\u0142 w demonstracji 10\u00a0maja przeciwko Zielonemu \u0141adowi. Jak podkre\u015bli\u0142 to ostatni moment na mobilizacj\u0119, a\u00a0ka\u017cdy z\u00a0nas ma pow\u00f3d, \u017ceby wyrazi\u0107 sprzeciw wobec\u00a0kierunku\u00a0polityki klimatycznej Unii Europejskiej. Zielony \u0141ad poci\u0105gnie za sob\u0105 m.in. ograniczenie produkcji rolnej, podniesienie cen energii elektrycznej, zwi\u0119kszenie koszt\u00f3w transportu, co odczuje ka\u017cdy w swoim portfelu. Wzrost cen medi\u00f3w pod du\u017cym znakiem zapytania stawia tak\u017ce dalsze funkcjonowanie komend, kt\u00f3rych niedoszacowane bud\u017cety nie ud\u017awign\u0105 skutk\u00f3w Zielonego \u0141adu.<\/p>\n<p style=\"text-align: justify;\">Przewodnicz\u0105cy MPSP Tomasz Richert om\u00f3wi\u0142 za\u0142o\u017cenia Programu dla PSP przygotowanego przez KSP NSZZ \u201eSolidarno\u015b\u0107\u201d. Dokument przekazany Komendantowi G\u0142\u00f3wnemu PSP zawiera szereg rozwi\u0105za\u0144 maj\u0105cych na celu popraw\u0119 funkcjonowania naszej formacji.<\/p>\n<p style=\"text-align: justify;\">Podczas dyskusji z kierownictwem KW PSP w Gda\u0144sku poruszono m.in. tematy stan\u00f3w minimalnych w\u00a0poszczeg\u00f3lnych jednostkach organizacyjnych PSP wojew\u00f3dztwa pomorskiego, ilo\u015bci wypracowanych nadgodzin i \u015brodk\u00f3w niezb\u0119dnych na wyp\u0142at\u0119 rekompensaty za przed\u0142u\u017cony czas s\u0142u\u017cby, koncepcji stacjonowania i dysponowania samochod\u00f3w wsparcia dzia\u0142a\u0144 medycznych czy te\u017c koszt\u00f3w aktualizacji dokument\u00f3w (prawo jazdy) niezb\u0119dnych do wykonywania czynno\u015bci s\u0142u\u017cbowych.<\/p>\n<p style=\"text-align: justify;\">Zast\u0119pca Pomorskiego Komendanta Wojew\u00f3dzkiego PSP st. bryg. Marian Hinca na zako\u0144czenie zaprosi\u0142 wszystkich na wojew\u00f3dzkie obchody Dnia Stra\u017caka, kt\u00f3re odb\u0119d\u0105 si\u0119 15 maja na D\u0142ugim Targu w Gda\u0144sku.<\/p>\n<p style=\"text-align: justify;\"><a href=\"http:\/\/kspnszz.org\/wp-content\/uploads\/2024\/05\/a5171fa0-28c6-40bf-be6e-aad14a9da027.jpg\" data-rel=\"lightbox-image-1\" data-rl_title=\"\" data-rl_caption=\"\" title=\"\"><img loading=\"lazy\" decoding=\"async\" class=\"aligncenter  wp-image-6175\" src=\"http:\/\/kspnszz.org\/wp-content\/uploads\/2024\/05\/a5171fa0-28c6-40bf-be6e-aad14a9da027-1024x753.jpg\" alt=\"a5171fa0-28c6-40bf-be6e-aad14a9da027\" width=\"412\" height=\"303\" srcset=\"http:\/\/kspnszz.org\/wp-content\/uploads\/2024\/05\/a5171fa0-28c6-40bf-be6e-aad14a9da027-1024x753.jpg 1024w, http:\/\/kspnszz.org\/wp-content\/uploads\/2024\/05\/a5171fa0-28c6-40bf-be6e-aad14a9da027-300x221.jpg 300w, http:\/\/kspnszz.org\/wp-content\/uploads\/2024\/05\/a5171fa0-28c6-40bf-be6e-aad14a9da027.jpg 1517w\" sizes=\"(max-width: 412px) 100vw, 412px\" \/><\/a><\/p>\n<p style=\"text-align: justify;\"><a href=\"http:\/\/kspnszz.org\/wp-content\/uploads\/2024\/05\/1bd5831d-109d-4a11-bb82-65e087114efe.jpg\" data-rel=\"lightbox-image-2\" data-rl_title=\"\" data-rl_caption=\"\" title=\"\"><img loading=\"lazy\" decoding=\"async\" class=\"aligncenter  wp-image-6174\" src=\"http:\/\/kspnszz.org\/wp-content\/uploads\/2024\/05\/1bd5831d-109d-4a11-bb82-65e087114efe-1024x804.jpg\" alt=\"1bd5831d-109d-4a11-bb82-65e087114efe\" width=\"414\" height=\"326\" srcset=\"http:\/\/kspnszz.org\/wp-content\/uploads\/2024\/05\/1bd5831d-109d-4a11-bb82-65e087114efe-1024x804.jpg 1024w, http:\/\/kspnszz.org\/wp-content\/uploads\/2024\/05\/1bd5831d-109d-4a11-bb82-65e087114efe-300x235.jpg 300w, http:\/\/kspnszz.org\/wp-content\/uploads\/2024\/05\/1bd5831d-109d-4a11-bb82-65e087114efe.jpg 1325w\" sizes=\"(max-width: 414px) 100vw, 414px\" \/><\/a><\/p>\n","protected":false},"excerpt":{"rendered":"<p>W Gda\u0144sku, 29 kwietnia 2024 r., odby\u0142o si\u0119 posiedzenie Mi\u0119dzyregionalnej Pomorskiej Sekcji Po\u017carnictwa NSZZ \u201eSolidarno\u015b\u0107\u201d, na kt\u00f3rym om\u00f3wiono bie\u017c\u0105ce dzia\u0142ania Zwi\u0105zku oraz problemy z\u00a0jakimi borykaj\u0105 si\u0119 pomorscy stra\u017cacy. W posiedzeniu udzia\u0142 wzi\u0119li zast\u0119pcy Pomorskiego Komendanta Wojew\u00f3dzkiego PSP st. bryg. Marian Hinca oraz bryg. B\u0142a\u017cej Chamier Cieminski. Krajow\u0105 Sekcj\u0119 Po\u017carnictwa NSZZ \u201eSolidarno\u015b\u0107\u201d reprezentowa\u0142 natomiast wiceprzewodnicz\u0105cy Maciej &hellip;<\/p>\n","protected":false},"author":2,"featured_media":6173,"comment_status":"closed","ping_status":"closed","sticky":false,"template":"","format":"standard","meta":{"footnotes":""},"categories":[2],"tags":[],"yoast_head":"<!-- This site is optimized with the Yoast SEO plugin v22.7 - https:\/\/yoast.com\/wordpress\/plugins\/seo\/ -->\n<title>Bud\u017cety komend nie ud\u017awign\u0105 Zielonego \u0141adu - KSPNSZZ<\/title>\n<meta name=\"robots\" content=\"index, follow, max-snippet:-1, max-image-preview:large, max-video-preview:-1\" \/>\n<link rel=\"canonical\" href=\"https:\/\/kspnszz.org\/index.php\/2024\/05\/01\/budzety-komend-nie-udzwigna-zielonego-ladu\/\" \/>\n<meta property=\"og:locale\" content=\"pl_PL\" \/>\n<meta property=\"og:type\" content=\"article\" \/>\n<meta property=\"og:title\" content=\"Bud\u017cety komend nie ud\u017awign\u0105 Zielonego \u0141adu - KSPNSZZ\" \/>\n<meta property=\"og:description\" content=\"W Gda\u0144sku, 29 kwietnia 2024 r., odby\u0142o si\u0119 posiedzenie Mi\u0119dzyregionalnej Pomorskiej Sekcji Po\u017carnictwa NSZZ \u201eSolidarno\u015b\u0107\u201d, na kt\u00f3rym om\u00f3wiono bie\u017c\u0105ce dzia\u0142ania Zwi\u0105zku oraz problemy z\u00a0jakimi borykaj\u0105 si\u0119 pomorscy stra\u017cacy. W posiedzeniu udzia\u0142 wzi\u0119li zast\u0119pcy Pomorskiego Komendanta Wojew\u00f3dzkiego PSP st. bryg. Marian Hinca oraz bryg. B\u0142a\u017cej Chamier Cieminski. Krajow\u0105 Sekcj\u0119 Po\u017carnictwa NSZZ \u201eSolidarno\u015b\u0107\u201d reprezentowa\u0142 natomiast wiceprzewodnicz\u0105cy Maciej &hellip;\" \/>\n<meta property=\"og:url\" content=\"https:\/\/kspnszz.org\/index.php\/2024\/05\/01\/budzety-komend-nie-udzwigna-zielonego-ladu\/\" \/>\n<meta property=\"og:site_name\" content=\"KSPNSZZ\" \/>\n<meta property=\"article:published_time\" content=\"2024-05-01T09:16:19+00:00\" \/>\n<meta property=\"og:image\" content=\"https:\/\/kspnszz.org\/wp-content\/uploads\/2024\/05\/6b642050-83d6-4268-b0ed-9e3b426500d9.jpg\" \/>\n\t<meta property=\"og:image:width\" content=\"1270\" \/>\n\t<meta property=\"og:image:height\" content=\"851\" \/>\n\t<meta property=\"og:image:type\" content=\"image\/jpeg\" \/>\n<meta name=\"author\" content=\"bartlomiej\" \/>\n<meta name=\"twitter:card\" content=\"summary_large_image\" \/>\n<meta name=\"twitter:label1\" content=\"Napisane przez\" \/>\n\t<meta name=\"twitter:data1\" content=\"bartlomiej\" \/>\n\t<meta name=\"twitter:label2\" content=\"Szacowany czas czytania\" \/>\n\t<meta name=\"twitter:data2\" content=\"2 minuty\" \/>\n<script type=\"application\/ld+json\" class=\"yoast-schema-graph\">{\"@context\":\"https:\/\/schema.org\",\"@graph\":[{\"@type\":\"WebPage\",\"@id\":\"https:\/\/kspnszz.org\/index.php\/2024\/05\/01\/budzety-komend-nie-udzwigna-zielonego-ladu\/\",\"url\":\"https:\/\/kspnszz.org\/index.php\/2024\/05\/01\/budzety-komend-nie-udzwigna-zielonego-ladu\/\",\"name\":\"Bud\u017cety komend nie ud\u017awign\u0105 Zielonego \u0141adu - KSPNSZZ\",\"isPartOf\":{\"@id\":\"https:\/\/kspnszz.org\/#website\"},\"primaryImageOfPage\":{\"@id\":\"https:\/\/kspnszz.org\/index.php\/2024\/05\/01\/budzety-komend-nie-udzwigna-zielonego-ladu\/#primaryimage\"},\"image\":{\"@id\":\"https:\/\/kspnszz.org\/index.php\/2024\/05\/01\/budzety-komend-nie-udzwigna-zielonego-ladu\/#primaryimage\"},\"thumbnailUrl\":\"http:\/\/kspnszz.org\/wp-content\/uploads\/2024\/05\/6b642050-83d6-4268-b0ed-9e3b426500d9.jpg\",\"datePublished\":\"2024-05-01T09:16:19+00:00\",\"dateModified\":\"2024-05-01T09:16:19+00:00\",\"author\":{\"@id\":\"https:\/\/kspnszz.org\/#\/schema\/person\/31096cf196f706ef50ecbd878903cc13\"},\"breadcrumb\":{\"@id\":\"https:\/\/kspnszz.org\/index.php\/2024\/05\/01\/budzety-komend-nie-udzwigna-zielonego-ladu\/#breadcrumb\"},\"inLanguage\":\"pl-PL\",\"potentialAction\":[{\"@type\":\"ReadAction\",\"target\":[\"https:\/\/kspnszz.org\/index.php\/2024\/05\/01\/budzety-komend-nie-udzwigna-zielonego-ladu\/\"]}]},{\"@type\":\"ImageObject\",\"inLanguage\":\"pl-PL\",\"@id\":\"https:\/\/kspnszz.org\/index.php\/2024\/05\/01\/budzety-komend-nie-udzwigna-zielonego-ladu\/#primaryimage\",\"url\":\"http:\/\/kspnszz.org\/wp-content\/uploads\/2024\/05\/6b642050-83d6-4268-b0ed-9e3b426500d9.jpg\",\"contentUrl\":\"http:\/\/kspnszz.org\/wp-content\/uploads\/2024\/05\/6b642050-83d6-4268-b0ed-9e3b426500d9.jpg\",\"width\":1270,\"height\":851},{\"@type\":\"BreadcrumbList\",\"@id\":\"https:\/\/kspnszz.org\/index.php\/2024\/05\/01\/budzety-komend-nie-udzwigna-zielonego-ladu\/#breadcrumb\",\"itemListElement\":[{\"@type\":\"ListItem\",\"position\":1,\"name\":\"Strona g\u0142\u00f3wna\",\"item\":\"https:\/\/kspnszz.org\/\"},{\"@type\":\"ListItem\",\"position\":2,\"name\":\"Bud\u017cety komend nie ud\u017awign\u0105 Zielonego \u0141adu\"}]},{\"@type\":\"WebSite\",\"@id\":\"https:\/\/kspnszz.org\/#website\",\"url\":\"https:\/\/kspnszz.org\/\",\"name\":\"KSPNSZZ\",\"description\":\"Krajowa Sekcja Po\u017carnictwa\",\"potentialAction\":[{\"@type\":\"SearchAction\",\"target\":{\"@type\":\"EntryPoint\",\"urlTemplate\":\"https:\/\/kspnszz.org\/?s={search_term_string}\"},\"query-input\":\"required name=search_term_string\"}],\"inLanguage\":\"pl-PL\"},{\"@type\":\"Person\",\"@id\":\"https:\/\/kspnszz.org\/#\/schema\/person\/31096cf196f706ef50ecbd878903cc13\",\"name\":\"bartlomiej\",\"image\":{\"@type\":\"ImageObject\",\"inLanguage\":\"pl-PL\",\"@id\":\"https:\/\/kspnszz.org\/#\/schema\/person\/image\/\",\"url\":\"http:\/\/0.gravatar.com\/avatar\/cb681656f150968eb94b73c62cf58e52?s=96&d=mm&r=g\",\"contentUrl\":\"http:\/\/0.gravatar.com\/avatar\/cb681656f150968eb94b73c62cf58e52?s=96&d=mm&r=g\",\"caption\":\"bartlomiej\"},\"url\":\"http:\/\/kspnszz.org\/index.php\/author\/bartlomiej\/\"}]}<\/script>\n<!-- \/ Yoast SEO plugin. -->","yoast_head_json":{"title":"Bud\u017cety komend nie ud\u017awign\u0105 Zielonego \u0141adu - KSPNSZZ","robots":{"index":"index","follow":"follow","max-snippet":"max-snippet:-1","max-image-preview":"max-image-preview:large","max-video-preview":"max-video-preview:-1"},"canonical":"https:\/\/kspnszz.org\/index.php\/2024\/05\/01\/budzety-komend-nie-udzwigna-zielonego-ladu\/","og_locale":"pl_PL","og_type":"article","og_title":"Bud\u017cety komend nie ud\u017awign\u0105 Zielonego \u0141adu - KSPNSZZ","og_description":"W Gda\u0144sku, 29 kwietnia 2024 r., odby\u0142o si\u0119 posiedzenie Mi\u0119dzyregionalnej Pomorskiej Sekcji Po\u017carnictwa NSZZ \u201eSolidarno\u015b\u0107\u201d, na kt\u00f3rym om\u00f3wiono bie\u017c\u0105ce dzia\u0142ania Zwi\u0105zku oraz problemy z\u00a0jakimi borykaj\u0105 si\u0119 pomorscy stra\u017cacy. W posiedzeniu udzia\u0142 wzi\u0119li zast\u0119pcy Pomorskiego Komendanta Wojew\u00f3dzkiego PSP st. bryg. Marian Hinca oraz bryg. B\u0142a\u017cej Chamier Cieminski. Krajow\u0105 Sekcj\u0119 Po\u017carnictwa NSZZ \u201eSolidarno\u015b\u0107\u201d reprezentowa\u0142 natomiast wiceprzewodnicz\u0105cy Maciej &hellip;","og_url":"https:\/\/kspnszz.org\/index.php\/2024\/05\/01\/budzety-komend-nie-udzwigna-zielonego-ladu\/","og_site_name":"KSPNSZZ","article_published_time":"2024-05-01T09:16:19+00:00","og_image":[{"width":1270,"height":851,"url":"https:\/\/kspnszz.org\/wp-content\/uploads\/2024\/05\/6b642050-83d6-4268-b0ed-9e3b426500d9.jpg","type":"image\/jpeg"}],"author":"bartlomiej","twitter_card":"summary_large_image","twitter_misc":{"Napisane przez":"bartlomiej","Szacowany czas czytania":"2 minuty"},"schema":{"@context":"https:\/\/schema.org","@graph":[{"@type":"WebPage","@id":"https:\/\/kspnszz.org\/index.php\/2024\/05\/01\/budzety-komend-nie-udzwigna-zielonego-ladu\/","url":"https:\/\/kspnszz.org\/index.php\/2024\/05\/01\/budzety-komend-nie-udzwigna-zielonego-ladu\/","name":"Bud\u017cety komend nie ud\u017awign\u0105 Zielonego \u0141adu - KSPNSZZ","isPartOf":{"@id":"https:\/\/kspnszz.org\/#website"},"primaryImageOfPage":{"@id":"https:\/\/kspnszz.org\/index.php\/2024\/05\/01\/budzety-komend-nie-udzwigna-zielonego-ladu\/#primaryimage"},"image":{"@id":"https:\/\/kspnszz.org\/index.php\/2024\/05\/01\/budzety-komend-nie-udzwigna-zielonego-ladu\/#primaryimage"},"thumbnailUrl":"http:\/\/kspnszz.org\/wp-content\/uploads\/2024\/05\/6b642050-83d6-4268-b0ed-9e3b426500d9.jpg","datePublished":"2024-05-01T09:16:19+00:00","dateModified":"2024-05-01T09:16:19+00:00","author":{"@id":"https:\/\/kspnszz.org\/#\/schema\/person\/31096cf196f706ef50ecbd878903cc13"},"breadcrumb":{"@id":"https:\/\/kspnszz.org\/index.php\/2024\/05\/01\/budzety-komend-nie-udzwigna-zielonego-ladu\/#breadcrumb"},"inLanguage":"pl-PL","potentialAction":[{"@type":"ReadAction","target":["https:\/\/kspnszz.org\/index.php\/2024\/05\/01\/budzety-komend-nie-udzwigna-zielonego-ladu\/"]}]},{"@type":"ImageObject","inLanguage":"pl-PL","@id":"https:\/\/kspnszz.org\/index.php\/2024\/05\/01\/budzety-komend-nie-udzwigna-zielonego-ladu\/#primaryimage","url":"http:\/\/kspnszz.org\/wp-content\/uploads\/2024\/05\/6b642050-83d6-4268-b0ed-9e3b426500d9.jpg","contentUrl":"http:\/\/kspnszz.org\/wp-content\/uploads\/2024\/05\/6b642050-83d6-4268-b0ed-9e3b426500d9.jpg","width":1270,"height":851},{"@type":"BreadcrumbList","@id":"https:\/\/kspnszz.org\/index.php\/2024\/05\/01\/budzety-komend-nie-udzwigna-zielonego-ladu\/#breadcrumb","itemListElement":[{"@type":"ListItem","position":1,"name":"Strona g\u0142\u00f3wna","item":"https:\/\/kspnszz.org\/"},{"@type":"ListItem","position":2,"name":"Bud\u017cety komend nie ud\u017awign\u0105 Zielonego \u0141adu"}]},{"@type":"WebSite","@id":"https:\/\/kspnszz.org\/#website","url":"https:\/\/kspnszz.org\/","name":"KSPNSZZ","description":"Krajowa Sekcja Po\u017carnictwa","potentialAction":[{"@type":"SearchAction","target":{"@type":"EntryPoint","urlTemplate":"https:\/\/kspnszz.org\/?s={search_term_string}"},"query-input":"required name=search_term_string"}],"inLanguage":"pl-PL"},{"@type":"Person","@id":"https:\/\/kspnszz.org\/#\/schema\/person\/31096cf196f706ef50ecbd878903cc13","name":"bartlomiej","image":{"@type":"ImageObject","inLanguage":"pl-PL","@id":"https:\/\/kspnszz.org\/#\/schema\/person\/image\/","url":"http:\/\/0.gravatar.com\/avatar\/cb681656f150968eb94b73c62cf58e52?s=96&d=mm&r=g","contentUrl":"http:\/\/0.gravatar.com\/avatar\/cb681656f150968eb94b73c62cf58e52?s=96&d=mm&r=g","caption":"bartlomiej"},"url":"http:\/\/kspnszz.org\/index.php\/author\/bartlomiej\/"}]}},"_links":{"self":[{"href":"http:\/\/kspnszz.org\/index.php\/wp-json\/wp\/v2\/posts\/6176"}],"collection":[{"href":"http:\/\/kspnszz.org\/index.php\/wp-json\/wp\/v2\/posts"}],"about":[{"href":"http:\/\/kspnszz.org\/index.php\/wp-json\/wp\/v2\/types\/post"}],"author":[{"embeddable":true,"href":"http:\/\/kspnszz.org\/index.php\/wp-json\/wp\/v2\/users\/2"}],"replies":[{"embeddable":true,"href":"http:\/\/kspnszz.org\/index.php\/wp-json\/wp\/v2\/comments?post=6176"}],"version-history":[{"count":3,"href":"http:\/\/kspnszz.org\/index.php\/wp-json\/wp\/v2\/posts\/6176\/revisions"}],"predecessor-version":[{"id":6179,"href":"http:\/\/kspnszz.org\/index.php\/wp-json\/wp\/v2\/posts\/6176\/revisions\/6179"}],"wp:featuredmedia":[{"embeddable":true,"href":"http:\/\/kspnszz.org\/index.php\/wp-json\/wp\/v2\/media\/6173"}],"wp:attachment":[{"href":"http:\/\/kspnszz.org\/index.php\/wp-json\/wp\/v2\/media?parent=6176"}],"wp:term":[{"taxonomy":"category","embeddable":true,"href":"http:\/\/kspnszz.org\/index.php\/wp-json\/wp\/v2\/categories?post=6176"},{"taxonomy":"post_tag","embeddable":true,"href":"http:\/\/kspnszz.org\/index.php\/wp-json\/wp\/v2\/tags?post=6176"}],"curies":[{"name":"wp","href":"https:\/\/api.w.org\/{rel}","templated":true}]}}