{"id":5368,"date":"2023-10-05T17:19:08","date_gmt":"2023-10-05T15:19:08","guid":{"rendered":"http:\/\/kspnszz.org\/?p=5368"},"modified":"2023-10-05T17:19:08","modified_gmt":"2023-10-05T15:19:08","slug":"spotkanie-z-wiceministrem-rodziny-i-polityki-spolecznej-stanislawem-szwedem","status":"publish","type":"post","link":"http:\/\/kspnszz.org\/index.php\/2023\/10\/05\/spotkanie-z-wiceministrem-rodziny-i-polityki-spolecznej-stanislawem-szwedem\/","title":{"rendered":"Spotkanie z Wiceministrem Rodziny i Polityki Spo\u0142ecznej Stanis\u0142awem Szwedem"},"content":{"rendered":"<p style=\"text-align: justify;\"><strong>W dniu 5 pa\u017adziernika 2023 r. w siedzibie Regionu Podbeskidzie NSZZ \u201eSolidarno\u015b\u0107&#8221; odby\u0142o si\u0119 spotkanie przewodnicz\u0105cych s\u0142u\u017cb mundurowych regionu Podbeskidzie z\u00a0Wiceministrem Rodziny i\u00a0Polityki Spo\u0142ecznej Stanis\u0142awem Szwedem. Na spotkanie przybyli przedstawiciele S\u0142u\u017cby Wi\u0119ziennej, Pa\u0144stwowej Stra\u017cy Po\u017carne i Policji.<\/strong><a href=\"http:\/\/kspnszz.org\/wp-content\/uploads\/2023\/10\/zus-szwed1.jpg\" data-rel=\"lightbox-image-0\" data-rl_title=\"\" data-rl_caption=\"\" title=\"\"><img loading=\"lazy\" decoding=\"async\" class=\"aligncenter  wp-image-5367\" src=\"http:\/\/kspnszz.org\/wp-content\/uploads\/2023\/10\/zus-szwed1.jpg\" alt=\"zus szwed1\" width=\"356\" height=\"252\" srcset=\"http:\/\/kspnszz.org\/wp-content\/uploads\/2023\/10\/zus-szwed1.jpg 950w, http:\/\/kspnszz.org\/wp-content\/uploads\/2023\/10\/zus-szwed1-300x213.jpg 300w\" sizes=\"(max-width: 356px) 100vw, 356px\" \/><\/a><\/p>\n<p style=\"text-align: justify;\">Przedmiotem spotkania by\u0142o om\u00f3wienie problemu braku, mo\u017cliwo\u015bci korzystania przez mundurowych, kt\u00f3rzy posiadaj\u0105 sk\u0142adki w Zak\u0142adzie Ubezpiecze\u0144 Spo\u0142ecznych, ze\u00a0\u015bwiadczenia emerytalnego w ZUS pomimo spe\u0142niania warunku osi\u0105gni\u0119cia wieku emerytalnego. W konsekwencji powoduje to, \u017ce \u015brodki od\u0142o\u017cone na indywidualnych kontach emerytalnych w ZUS przepadaj\u0105, ze wzgl\u0119du na zbieg \u015bwiadcze\u0144.<\/p>\n<p style=\"text-align: justify;\">Kolejnym tematem rozm\u00f3w by\u0142 fatalny poziom wynagrodze\u0144 pracownik\u00f3w cywilnych w\u00a0s\u0142u\u017cbach mundurowych, kt\u00f3ry kszta\u0142tuje si\u0119 na poziomie p\u0142acy minimalnej dla 80% stanu zatrudnienia wszystkich cywilnych etat\u00f3w.<\/p>\n<p style=\"text-align: justify;\">Struktury po\u017carniczej Solidarno\u015bci podczas spotkania reprezentowali: przedstawiciel Organizacji Zak\u0142adowej NSZZ \u201eSolidarno\u015b\u0107&#8221; przy Komendzie Powiatowej Pa\u0144stwowej Stra\u017cy Po\u017carnej w \u017bywcu Mariusz Podejma oraz Przewodnicz\u0105cy Organizacji Zak\u0142adowej NSZZ \u201eSolidarno\u015b\u0107&#8221; przy Komendzie Miejskiej Pa\u0144stwowej Stra\u017cy Po\u017carnej w Bielsku-Bia\u0142ej Mateusz Pietrzyk, b\u0119d\u0105cy r\u00f3wnie\u017c cz\u0142onkiem Rady Krajowej Sekcji Po\u017carnictwa NSZZ \u201eSolidarno\u015b\u0107\u201d.<\/p>\n<p style=\"text-align: justify;\"><a href=\"http:\/\/kspnszz.org\/wp-content\/uploads\/2023\/10\/IMG-20231005-WA0029.jpg\" data-rel=\"lightbox-image-1\" data-rl_title=\"\" data-rl_caption=\"\" title=\"\"><img loading=\"lazy\" decoding=\"async\" class=\"aligncenter size-large wp-image-5366\" src=\"http:\/\/kspnszz.org\/wp-content\/uploads\/2023\/10\/IMG-20231005-WA0029-1024x576.jpg\" alt=\"zus szwed\" width=\"618\" height=\"348\" srcset=\"http:\/\/kspnszz.org\/wp-content\/uploads\/2023\/10\/IMG-20231005-WA0029-1024x576.jpg 1024w, http:\/\/kspnszz.org\/wp-content\/uploads\/2023\/10\/IMG-20231005-WA0029-300x169.jpg 300w, http:\/\/kspnszz.org\/wp-content\/uploads\/2023\/10\/IMG-20231005-WA0029.jpg 1600w\" sizes=\"(max-width: 618px) 100vw, 618px\" \/><\/a><\/p>\n","protected":false},"excerpt":{"rendered":"<p>W dniu 5 pa\u017adziernika 2023 r. w siedzibie Regionu Podbeskidzie NSZZ \u201eSolidarno\u015b\u0107&#8221; odby\u0142o si\u0119 spotkanie przewodnicz\u0105cych s\u0142u\u017cb mundurowych regionu Podbeskidzie z\u00a0Wiceministrem Rodziny i\u00a0Polityki Spo\u0142ecznej Stanis\u0142awem Szwedem. Na spotkanie przybyli przedstawiciele S\u0142u\u017cby Wi\u0119ziennej, Pa\u0144stwowej Stra\u017cy Po\u017carne i Policji. Przedmiotem spotkania by\u0142o om\u00f3wienie problemu braku, mo\u017cliwo\u015bci korzystania przez mundurowych, kt\u00f3rzy posiadaj\u0105 sk\u0142adki w Zak\u0142adzie Ubezpiecze\u0144 Spo\u0142ecznych, ze\u00a0\u015bwiadczenia &hellip;<\/p>\n","protected":false},"author":2,"featured_media":5367,"comment_status":"closed","ping_status":"closed","sticky":false,"template":"","format":"standard","meta":{"footnotes":""},"categories":[2],"tags":[],"yoast_head":"<!-- This site is optimized with the Yoast SEO plugin v22.7 - https:\/\/yoast.com\/wordpress\/plugins\/seo\/ -->\n<title>Spotkanie z Wiceministrem Rodziny i Polityki Spo\u0142ecznej Stanis\u0142awem Szwedem - KSPNSZZ<\/title>\n<meta name=\"robots\" content=\"index, follow, max-snippet:-1, max-image-preview:large, max-video-preview:-1\" \/>\n<link rel=\"canonical\" href=\"https:\/\/kspnszz.org\/index.php\/2023\/10\/05\/spotkanie-z-wiceministrem-rodziny-i-polityki-spolecznej-stanislawem-szwedem\/\" \/>\n<meta property=\"og:locale\" content=\"pl_PL\" \/>\n<meta property=\"og:type\" content=\"article\" \/>\n<meta property=\"og:title\" content=\"Spotkanie z Wiceministrem Rodziny i Polityki Spo\u0142ecznej Stanis\u0142awem Szwedem - KSPNSZZ\" \/>\n<meta property=\"og:description\" content=\"W dniu 5 pa\u017adziernika 2023 r. w siedzibie Regionu Podbeskidzie NSZZ \u201eSolidarno\u015b\u0107&#8221; odby\u0142o si\u0119 spotkanie przewodnicz\u0105cych s\u0142u\u017cb mundurowych regionu Podbeskidzie z\u00a0Wiceministrem Rodziny i\u00a0Polityki Spo\u0142ecznej Stanis\u0142awem Szwedem. Na spotkanie przybyli przedstawiciele S\u0142u\u017cby Wi\u0119ziennej, Pa\u0144stwowej Stra\u017cy Po\u017carne i Policji. Przedmiotem spotkania by\u0142o om\u00f3wienie problemu braku, mo\u017cliwo\u015bci korzystania przez mundurowych, kt\u00f3rzy posiadaj\u0105 sk\u0142adki w Zak\u0142adzie Ubezpiecze\u0144 Spo\u0142ecznych, ze\u00a0\u015bwiadczenia &hellip;\" \/>\n<meta property=\"og:url\" content=\"https:\/\/kspnszz.org\/index.php\/2023\/10\/05\/spotkanie-z-wiceministrem-rodziny-i-polityki-spolecznej-stanislawem-szwedem\/\" \/>\n<meta property=\"og:site_name\" content=\"KSPNSZZ\" \/>\n<meta property=\"article:published_time\" content=\"2023-10-05T15:19:08+00:00\" \/>\n<meta property=\"og:image\" content=\"https:\/\/kspnszz.org\/wp-content\/uploads\/2023\/10\/zus-szwed1.jpg\" \/>\n\t<meta property=\"og:image:width\" content=\"950\" \/>\n\t<meta property=\"og:image:height\" content=\"673\" \/>\n\t<meta property=\"og:image:type\" content=\"image\/jpeg\" \/>\n<meta name=\"author\" content=\"bartlomiej\" \/>\n<meta name=\"twitter:card\" content=\"summary_large_image\" \/>\n<meta name=\"twitter:label1\" content=\"Napisane przez\" \/>\n\t<meta name=\"twitter:data1\" content=\"bartlomiej\" \/>\n\t<meta name=\"twitter:label2\" content=\"Szacowany czas czytania\" \/>\n\t<meta name=\"twitter:data2\" content=\"1 minuta\" \/>\n<script type=\"application\/ld+json\" class=\"yoast-schema-graph\">{\"@context\":\"https:\/\/schema.org\",\"@graph\":[{\"@type\":\"WebPage\",\"@id\":\"https:\/\/kspnszz.org\/index.php\/2023\/10\/05\/spotkanie-z-wiceministrem-rodziny-i-polityki-spolecznej-stanislawem-szwedem\/\",\"url\":\"https:\/\/kspnszz.org\/index.php\/2023\/10\/05\/spotkanie-z-wiceministrem-rodziny-i-polityki-spolecznej-stanislawem-szwedem\/\",\"name\":\"Spotkanie z Wiceministrem Rodziny i Polityki Spo\u0142ecznej Stanis\u0142awem Szwedem - KSPNSZZ\",\"isPartOf\":{\"@id\":\"https:\/\/kspnszz.org\/#website\"},\"primaryImageOfPage\":{\"@id\":\"https:\/\/kspnszz.org\/index.php\/2023\/10\/05\/spotkanie-z-wiceministrem-rodziny-i-polityki-spolecznej-stanislawem-szwedem\/#primaryimage\"},\"image\":{\"@id\":\"https:\/\/kspnszz.org\/index.php\/2023\/10\/05\/spotkanie-z-wiceministrem-rodziny-i-polityki-spolecznej-stanislawem-szwedem\/#primaryimage\"},\"thumbnailUrl\":\"http:\/\/kspnszz.org\/wp-content\/uploads\/2023\/10\/zus-szwed1.jpg\",\"datePublished\":\"2023-10-05T15:19:08+00:00\",\"dateModified\":\"2023-10-05T15:19:08+00:00\",\"author\":{\"@id\":\"https:\/\/kspnszz.org\/#\/schema\/person\/31096cf196f706ef50ecbd878903cc13\"},\"breadcrumb\":{\"@id\":\"https:\/\/kspnszz.org\/index.php\/2023\/10\/05\/spotkanie-z-wiceministrem-rodziny-i-polityki-spolecznej-stanislawem-szwedem\/#breadcrumb\"},\"inLanguage\":\"pl-PL\",\"potentialAction\":[{\"@type\":\"ReadAction\",\"target\":[\"https:\/\/kspnszz.org\/index.php\/2023\/10\/05\/spotkanie-z-wiceministrem-rodziny-i-polityki-spolecznej-stanislawem-szwedem\/\"]}]},{\"@type\":\"ImageObject\",\"inLanguage\":\"pl-PL\",\"@id\":\"https:\/\/kspnszz.org\/index.php\/2023\/10\/05\/spotkanie-z-wiceministrem-rodziny-i-polityki-spolecznej-stanislawem-szwedem\/#primaryimage\",\"url\":\"http:\/\/kspnszz.org\/wp-content\/uploads\/2023\/10\/zus-szwed1.jpg\",\"contentUrl\":\"http:\/\/kspnszz.org\/wp-content\/uploads\/2023\/10\/zus-szwed1.jpg\",\"width\":950,\"height\":673},{\"@type\":\"BreadcrumbList\",\"@id\":\"https:\/\/kspnszz.org\/index.php\/2023\/10\/05\/spotkanie-z-wiceministrem-rodziny-i-polityki-spolecznej-stanislawem-szwedem\/#breadcrumb\",\"itemListElement\":[{\"@type\":\"ListItem\",\"position\":1,\"name\":\"Strona g\u0142\u00f3wna\",\"item\":\"https:\/\/kspnszz.org\/\"},{\"@type\":\"ListItem\",\"position\":2,\"name\":\"Spotkanie z Wiceministrem Rodziny i Polityki Spo\u0142ecznej Stanis\u0142awem Szwedem\"}]},{\"@type\":\"WebSite\",\"@id\":\"https:\/\/kspnszz.org\/#website\",\"url\":\"https:\/\/kspnszz.org\/\",\"name\":\"KSPNSZZ\",\"description\":\"Krajowa Sekcja Po\u017carnictwa\",\"potentialAction\":[{\"@type\":\"SearchAction\",\"target\":{\"@type\":\"EntryPoint\",\"urlTemplate\":\"https:\/\/kspnszz.org\/?s={search_term_string}\"},\"query-input\":\"required name=search_term_string\"}],\"inLanguage\":\"pl-PL\"},{\"@type\":\"Person\",\"@id\":\"https:\/\/kspnszz.org\/#\/schema\/person\/31096cf196f706ef50ecbd878903cc13\",\"name\":\"bartlomiej\",\"image\":{\"@type\":\"ImageObject\",\"inLanguage\":\"pl-PL\",\"@id\":\"https:\/\/kspnszz.org\/#\/schema\/person\/image\/\",\"url\":\"http:\/\/0.gravatar.com\/avatar\/cb681656f150968eb94b73c62cf58e52?s=96&d=mm&r=g\",\"contentUrl\":\"http:\/\/0.gravatar.com\/avatar\/cb681656f150968eb94b73c62cf58e52?s=96&d=mm&r=g\",\"caption\":\"bartlomiej\"},\"url\":\"http:\/\/kspnszz.org\/index.php\/author\/bartlomiej\/\"}]}<\/script>\n<!-- \/ Yoast SEO plugin. -->","yoast_head_json":{"title":"Spotkanie z Wiceministrem Rodziny i Polityki Spo\u0142ecznej Stanis\u0142awem Szwedem - KSPNSZZ","robots":{"index":"index","follow":"follow","max-snippet":"max-snippet:-1","max-image-preview":"max-image-preview:large","max-video-preview":"max-video-preview:-1"},"canonical":"https:\/\/kspnszz.org\/index.php\/2023\/10\/05\/spotkanie-z-wiceministrem-rodziny-i-polityki-spolecznej-stanislawem-szwedem\/","og_locale":"pl_PL","og_type":"article","og_title":"Spotkanie z Wiceministrem Rodziny i Polityki Spo\u0142ecznej Stanis\u0142awem Szwedem - KSPNSZZ","og_description":"W dniu 5 pa\u017adziernika 2023 r. w siedzibie Regionu Podbeskidzie NSZZ \u201eSolidarno\u015b\u0107&#8221; odby\u0142o si\u0119 spotkanie przewodnicz\u0105cych s\u0142u\u017cb mundurowych regionu Podbeskidzie z\u00a0Wiceministrem Rodziny i\u00a0Polityki Spo\u0142ecznej Stanis\u0142awem Szwedem. Na spotkanie przybyli przedstawiciele S\u0142u\u017cby Wi\u0119ziennej, Pa\u0144stwowej Stra\u017cy Po\u017carne i Policji. Przedmiotem spotkania by\u0142o om\u00f3wienie problemu braku, mo\u017cliwo\u015bci korzystania przez mundurowych, kt\u00f3rzy posiadaj\u0105 sk\u0142adki w Zak\u0142adzie Ubezpiecze\u0144 Spo\u0142ecznych, ze\u00a0\u015bwiadczenia &hellip;","og_url":"https:\/\/kspnszz.org\/index.php\/2023\/10\/05\/spotkanie-z-wiceministrem-rodziny-i-polityki-spolecznej-stanislawem-szwedem\/","og_site_name":"KSPNSZZ","article_published_time":"2023-10-05T15:19:08+00:00","og_image":[{"width":950,"height":673,"url":"https:\/\/kspnszz.org\/wp-content\/uploads\/2023\/10\/zus-szwed1.jpg","type":"image\/jpeg"}],"author":"bartlomiej","twitter_card":"summary_large_image","twitter_misc":{"Napisane przez":"bartlomiej","Szacowany czas czytania":"1 minuta"},"schema":{"@context":"https:\/\/schema.org","@graph":[{"@type":"WebPage","@id":"https:\/\/kspnszz.org\/index.php\/2023\/10\/05\/spotkanie-z-wiceministrem-rodziny-i-polityki-spolecznej-stanislawem-szwedem\/","url":"https:\/\/kspnszz.org\/index.php\/2023\/10\/05\/spotkanie-z-wiceministrem-rodziny-i-polityki-spolecznej-stanislawem-szwedem\/","name":"Spotkanie z Wiceministrem Rodziny i Polityki Spo\u0142ecznej Stanis\u0142awem Szwedem - KSPNSZZ","isPartOf":{"@id":"https:\/\/kspnszz.org\/#website"},"primaryImageOfPage":{"@id":"https:\/\/kspnszz.org\/index.php\/2023\/10\/05\/spotkanie-z-wiceministrem-rodziny-i-polityki-spolecznej-stanislawem-szwedem\/#primaryimage"},"image":{"@id":"https:\/\/kspnszz.org\/index.php\/2023\/10\/05\/spotkanie-z-wiceministrem-rodziny-i-polityki-spolecznej-stanislawem-szwedem\/#primaryimage"},"thumbnailUrl":"http:\/\/kspnszz.org\/wp-content\/uploads\/2023\/10\/zus-szwed1.jpg","datePublished":"2023-10-05T15:19:08+00:00","dateModified":"2023-10-05T15:19:08+00:00","author":{"@id":"https:\/\/kspnszz.org\/#\/schema\/person\/31096cf196f706ef50ecbd878903cc13"},"breadcrumb":{"@id":"https:\/\/kspnszz.org\/index.php\/2023\/10\/05\/spotkanie-z-wiceministrem-rodziny-i-polityki-spolecznej-stanislawem-szwedem\/#breadcrumb"},"inLanguage":"pl-PL","potentialAction":[{"@type":"ReadAction","target":["https:\/\/kspnszz.org\/index.php\/2023\/10\/05\/spotkanie-z-wiceministrem-rodziny-i-polityki-spolecznej-stanislawem-szwedem\/"]}]},{"@type":"ImageObject","inLanguage":"pl-PL","@id":"https:\/\/kspnszz.org\/index.php\/2023\/10\/05\/spotkanie-z-wiceministrem-rodziny-i-polityki-spolecznej-stanislawem-szwedem\/#primaryimage","url":"http:\/\/kspnszz.org\/wp-content\/uploads\/2023\/10\/zus-szwed1.jpg","contentUrl":"http:\/\/kspnszz.org\/wp-content\/uploads\/2023\/10\/zus-szwed1.jpg","width":950,"height":673},{"@type":"BreadcrumbList","@id":"https:\/\/kspnszz.org\/index.php\/2023\/10\/05\/spotkanie-z-wiceministrem-rodziny-i-polityki-spolecznej-stanislawem-szwedem\/#breadcrumb","itemListElement":[{"@type":"ListItem","position":1,"name":"Strona g\u0142\u00f3wna","item":"https:\/\/kspnszz.org\/"},{"@type":"ListItem","position":2,"name":"Spotkanie z Wiceministrem Rodziny i Polityki Spo\u0142ecznej Stanis\u0142awem Szwedem"}]},{"@type":"WebSite","@id":"https:\/\/kspnszz.org\/#website","url":"https:\/\/kspnszz.org\/","name":"KSPNSZZ","description":"Krajowa Sekcja Po\u017carnictwa","potentialAction":[{"@type":"SearchAction","target":{"@type":"EntryPoint","urlTemplate":"https:\/\/kspnszz.org\/?s={search_term_string}"},"query-input":"required name=search_term_string"}],"inLanguage":"pl-PL"},{"@type":"Person","@id":"https:\/\/kspnszz.org\/#\/schema\/person\/31096cf196f706ef50ecbd878903cc13","name":"bartlomiej","image":{"@type":"ImageObject","inLanguage":"pl-PL","@id":"https:\/\/kspnszz.org\/#\/schema\/person\/image\/","url":"http:\/\/0.gravatar.com\/avatar\/cb681656f150968eb94b73c62cf58e52?s=96&d=mm&r=g","contentUrl":"http:\/\/0.gravatar.com\/avatar\/cb681656f150968eb94b73c62cf58e52?s=96&d=mm&r=g","caption":"bartlomiej"},"url":"http:\/\/kspnszz.org\/index.php\/author\/bartlomiej\/"}]}},"_links":{"self":[{"href":"http:\/\/kspnszz.org\/index.php\/wp-json\/wp\/v2\/posts\/5368"}],"collection":[{"href":"http:\/\/kspnszz.org\/index.php\/wp-json\/wp\/v2\/posts"}],"about":[{"href":"http:\/\/kspnszz.org\/index.php\/wp-json\/wp\/v2\/types\/post"}],"author":[{"embeddable":true,"href":"http:\/\/kspnszz.org\/index.php\/wp-json\/wp\/v2\/users\/2"}],"replies":[{"embeddable":true,"href":"http:\/\/kspnszz.org\/index.php\/wp-json\/wp\/v2\/comments?post=5368"}],"version-history":[{"count":2,"href":"http:\/\/kspnszz.org\/index.php\/wp-json\/wp\/v2\/posts\/5368\/revisions"}],"predecessor-version":[{"id":5370,"href":"http:\/\/kspnszz.org\/index.php\/wp-json\/wp\/v2\/posts\/5368\/revisions\/5370"}],"wp:featuredmedia":[{"embeddable":true,"href":"http:\/\/kspnszz.org\/index.php\/wp-json\/wp\/v2\/media\/5367"}],"wp:attachment":[{"href":"http:\/\/kspnszz.org\/index.php\/wp-json\/wp\/v2\/media?parent=5368"}],"wp:term":[{"taxonomy":"category","embeddable":true,"href":"http:\/\/kspnszz.org\/index.php\/wp-json\/wp\/v2\/categories?post=5368"},{"taxonomy":"post_tag","embeddable":true,"href":"http:\/\/kspnszz.org\/index.php\/wp-json\/wp\/v2\/tags?post=5368"}],"curies":[{"name":"wp","href":"https:\/\/api.w.org\/{rel}","templated":true}]}}