{"id":4686,"date":"2023-03-07T10:21:42","date_gmt":"2023-03-07T09:21:42","guid":{"rendered":"http:\/\/kspnszz.org\/?p=4686"},"modified":"2023-03-07T10:21:53","modified_gmt":"2023-03-07T09:21:53","slug":"opolscy-zwiazkowcy-omowili-realizacje-tegorocznych-podwyzek","status":"publish","type":"post","link":"http:\/\/kspnszz.org\/index.php\/2023\/03\/07\/opolscy-zwiazkowcy-omowili-realizacje-tegorocznych-podwyzek\/","title":{"rendered":"Opolscy zwi\u0105zkowcy om\u00f3wili realizacj\u0119 tegorocznych podwy\u017cek"},"content":{"rendered":"<p style=\"text-align: justify;\"><strong>W dniach 2-3 marca 2023 roku w O\u015brodku Konferencyjno-Wypoczynkowym ZIEMOWIT w\u00a0Jarno\u0142t\u00f3wku, odby\u0142o si\u0119 posiedzenie Rady Regionalnej Sekcji Po\u017carnictwa NSZZ \u201eSolidarno\u015b\u0107\u201d \u015al\u0105ska Opolskiego. Zwi\u0105zkowcy om\u00f3wili bie\u017c\u0105ce problemy w\u00a0wojew\u00f3dztwie, realizacj\u0119 tegorocznych podwy\u017cek oraz spotkali si\u0119 z\u00a0przedstawicielami Krajowej Sekcji Po\u017carnictwa NSZZ \u201eSolidarno\u015b\u0107\u201d.<\/strong><a href=\"http:\/\/kspnszz.org\/wp-content\/uploads\/2023\/03\/334963869_2208706882669740_6098626588876791808_n.jpg\" data-rel=\"lightbox-image-0\" data-rl_title=\"\" data-rl_caption=\"\" title=\"\"><img loading=\"lazy\" decoding=\"async\" class=\"aligncenter  wp-image-4682\" src=\"http:\/\/kspnszz.org\/wp-content\/uploads\/2023\/03\/334963869_2208706882669740_6098626588876791808_n-1024x704.jpg\" alt=\"334963869_2208706882669740_6098626588876791808_n\" width=\"411\" height=\"283\" srcset=\"http:\/\/kspnszz.org\/wp-content\/uploads\/2023\/03\/334963869_2208706882669740_6098626588876791808_n-1024x704.jpg 1024w, http:\/\/kspnszz.org\/wp-content\/uploads\/2023\/03\/334963869_2208706882669740_6098626588876791808_n-300x206.jpg 300w, http:\/\/kspnszz.org\/wp-content\/uploads\/2023\/03\/334963869_2208706882669740_6098626588876791808_n-110x75.jpg 110w, http:\/\/kspnszz.org\/wp-content\/uploads\/2023\/03\/334963869_2208706882669740_6098626588876791808_n.jpg 1387w\" sizes=\"(max-width: 411px) 100vw, 411px\" \/><\/a><\/p>\n<p style=\"text-align: justify;\">Po przywitaniu delegat\u00f3w z poszczeg\u00f3lnych komend, przewodnicz\u0105cy RSP Pawe\u0142 Zieli\u0144ski z\u0142o\u017cy\u0142 gratulacj\u0119 nowo wybranym szefom komisji zak\u0142adowych z\u00a0komend PSP wojew\u00f3dztwa opolskiego. Nast\u0119pnie na r\u0119ce nowego przewodnicz\u0105cego KZ NSZZ \u201eSolidarno\u015b\u0107\u201d w\u00a0Namys\u0142owie Tomasza Topornickiego, przewodnicz\u0105cy RSP wr\u0119czy\u0142 podzi\u0119kowanie dla ust\u0119puj\u0105cego przewodnicz\u0105cego Bogus\u0142awa Kwietnia, za\u00a0ponad dwudziestoletni\u0105 dzia\u0142alno\u015b\u0107 zwi\u0105zkow\u0105 na szczeblu Komendy Powiatowej, Regionalnej Sekcji Po\u017carnictwa i Zarz\u0105du Regionu.<\/p>\n<p style=\"text-align: justify;\">W pierwszej cz\u0119\u015bci posiedzenia om\u00f3wiono bie\u017c\u0105ce problemy oraz zasady naliczania i\u00a0wyp\u0142acania podwy\u017cek, kt\u00f3re przyznano stra\u017cakom od 1 marca 2023 roku. Cz\u0142onkowie Rady przyj\u0119li r\u00f3wnie\u017c niezb\u0119dne uchwa\u0142y dotycz\u0105ce spraw organizacyjnych Sekcji. Przeprowadzono r\u00f3wnie\u017c dyskusj\u0119 na\u00a0temat potr\u0105cania sk\u0142adki zwi\u0105zkowej cz\u0142onk\u00f3w &#8211; emeryt\u00f3w zgodnie z uchwa\u0142\u0105 Komisji Krajowej NSZZ Solidarno\u015b\u0107. Temat ten szczeg\u00f3\u0142owo om\u00f3wi\u0142 v-ce przewodnicz\u0105cy \u0141ukasz Szostak.<\/p>\n<p style=\"text-align: justify;\">W dalszej cz\u0119\u015bci Pawe\u0142 Zieli\u0144ski om\u00f3wi\u0142 zasady funkcjonowania Fundacji SOLIDARNI, kt\u00f3ra zajmuje si\u0119 pomoc\u0105 poszkodowanym funkcjonariuszom i pracownikom PSP oraz cz\u0142onkom ich rodzin. Przedyskutowano r\u00f3wnie\u017c przebieg ostatniej akcji protestacyjnej \u201eSolidarno\u015bci\u201d s\u0142u\u017cb mundurowych.<\/p>\n<p style=\"text-align: justify;\">Poruszono r\u00f3wnie\u017c kwesti\u0119 programu ochrony zdrowia dla funkcjonariuszy i pracownik\u00f3w cywilnych PSP wojew\u00f3dztwa opolskiego. Rada rozwa\u017cy\u0142a zasadno\u015b\u0107 i zaanga\u017cowanie we wdra\u017canie i rozw\u00f3j programu w\u00a0strukturach PSP wojew\u00f3dztwa opolskiego po pierwszych spotkaniach w komendach. Poruszono tak\u017ce kwesti\u0119 rozszerzenia o markery nowotworowe obowi\u0105zkowych bada\u0144 okresowych\/lekarskich dla\u00a0funkcjonariuszy.<\/p>\n<p style=\"text-align: justify;\">W drugiej cz\u0119\u015bci spotkania uczestniczy\u0142 Bart\u0142omiej Mickiewicz Przewodnicz\u0105cy Krajowej Sekcji Po\u017carnictwa wraz z zast\u0119pc\u0105 Maciejem \u0141ozowskim, kt\u00f3rzy szeroko om\u00f3wili bie\u017c\u0105c\u0105 sytuacj\u0119 w PSP i\u00a0dzia\u0142ania KSP NSZZ \u201eSolidarno\u015b\u0107\u201d.<\/p>\n<p style=\"text-align: justify;\">G\u0142\u00f3wnym tematem tej cz\u0119\u015bci obrad by\u0142 przebieg negocjacji ze stron\u0105 rz\u0105dow\u0105 w sprawie podwy\u017cek dla stra\u017cak\u00f3w. Ponadto:<\/p>\n<ul style=\"text-align: justify;\">\n<li>om\u00f3wiono problematyk\u0119 przedwczesnych odej\u015b\u0107 funkcjonariuszu ze s\u0142u\u017cb mundurowych,<\/li>\n<li>dyskutowano nad systemowym sposobem finansowania grup specjalistycznych i\u00a0przywr\u00f3ceniu pewnych uprawnie\u0144 dla funkcjonariuszy przyj\u0119tych po 31 grudnia 2012 r.,<\/li>\n<li>poruszono kwesti\u0119 wydawania nowego umundurowania,<\/li>\n<li>om\u00f3wiono potencjalne zmiany w funkcjonowaniu PSP w przypadku wdro\u017cenia projektu ustawy o\u00a0ochronie ludno\u015bci w kontek\u015bcie karetek w jednostkach ochrony przeciwpo\u017carowej,<\/li>\n<li>om\u00f3wiono projekt nowego przepisu kwalifikacyjnego oraz za\u0142o\u017cenia do zmiany projektu.<\/li>\n<\/ul>\n<p style=\"text-align: justify;\">Przewodnicz\u0105cy KSP na zako\u0144czenie podkre\u015bli\u0142 liczebno\u015b\u0107 struktur NSZZ \u201eSolidarno\u015b\u0107\u201d w\u00a0PSP, wynosz\u0105c\u0105 ponad 10 tysi\u0119cy cz\u0142onk\u00f3w.<\/p>\n<p style=\"text-align: justify;\"><a href=\"http:\/\/kspnszz.org\/wp-content\/uploads\/2023\/03\/335019525_929929578199825_4823942205865316163_n.jpg\" data-rel=\"lightbox-image-1\" data-rl_title=\"\" data-rl_caption=\"\" title=\"\"><img loading=\"lazy\" decoding=\"async\" class=\"aligncenter  wp-image-4684\" src=\"http:\/\/kspnszz.org\/wp-content\/uploads\/2023\/03\/335019525_929929578199825_4823942205865316163_n-1024x582.jpg\" alt=\"335019525_929929578199825_4823942205865316163_n\" width=\"477\" height=\"271\" srcset=\"http:\/\/kspnszz.org\/wp-content\/uploads\/2023\/03\/335019525_929929578199825_4823942205865316163_n-1024x582.jpg 1024w, http:\/\/kspnszz.org\/wp-content\/uploads\/2023\/03\/335019525_929929578199825_4823942205865316163_n-300x170.jpg 300w, http:\/\/kspnszz.org\/wp-content\/uploads\/2023\/03\/335019525_929929578199825_4823942205865316163_n.jpg 1306w\" sizes=\"(max-width: 477px) 100vw, 477px\" \/><\/a><\/p>\n<p style=\"text-align: justify;\"><a href=\"http:\/\/kspnszz.org\/wp-content\/uploads\/2023\/03\/334962916_911452060054803_3755171492648886272_n.jpg\" data-rel=\"lightbox-image-2\" data-rl_title=\"\" data-rl_caption=\"\" title=\"\"><img loading=\"lazy\" decoding=\"async\" class=\"aligncenter  wp-image-4685\" src=\"http:\/\/kspnszz.org\/wp-content\/uploads\/2023\/03\/334962916_911452060054803_3755171492648886272_n-1024x661.jpg\" alt=\"334962916_911452060054803_3755171492648886272_n\" width=\"476\" height=\"307\" srcset=\"http:\/\/kspnszz.org\/wp-content\/uploads\/2023\/03\/334962916_911452060054803_3755171492648886272_n-1024x661.jpg 1024w, http:\/\/kspnszz.org\/wp-content\/uploads\/2023\/03\/334962916_911452060054803_3755171492648886272_n-300x194.jpg 300w, http:\/\/kspnszz.org\/wp-content\/uploads\/2023\/03\/334962916_911452060054803_3755171492648886272_n.jpg 1393w\" sizes=\"(max-width: 476px) 100vw, 476px\" \/><\/a><\/p>\n<p style=\"text-align: justify;\"><a href=\"http:\/\/kspnszz.org\/wp-content\/uploads\/2023\/03\/334885880_198440579532086_6032084775215964124_n.jpg\" data-rel=\"lightbox-image-3\" data-rl_title=\"\" data-rl_caption=\"\" title=\"\"><img loading=\"lazy\" decoding=\"async\" class=\"aligncenter  wp-image-4683\" src=\"http:\/\/kspnszz.org\/wp-content\/uploads\/2023\/03\/334885880_198440579532086_6032084775215964124_n.jpg\" alt=\"334885880_198440579532086_6032084775215964124_n\" width=\"478\" height=\"358\" srcset=\"http:\/\/kspnszz.org\/wp-content\/uploads\/2023\/03\/334885880_198440579532086_6032084775215964124_n.jpg 640w, http:\/\/kspnszz.org\/wp-content\/uploads\/2023\/03\/334885880_198440579532086_6032084775215964124_n-300x225.jpg 300w\" sizes=\"(max-width: 478px) 100vw, 478px\" \/><\/a><\/p>\n","protected":false},"excerpt":{"rendered":"<p>W dniach 2-3 marca 2023 roku w O\u015brodku Konferencyjno-Wypoczynkowym ZIEMOWIT w\u00a0Jarno\u0142t\u00f3wku, odby\u0142o si\u0119 posiedzenie Rady Regionalnej Sekcji Po\u017carnictwa NSZZ \u201eSolidarno\u015b\u0107\u201d \u015al\u0105ska Opolskiego. Zwi\u0105zkowcy om\u00f3wili bie\u017c\u0105ce problemy w\u00a0wojew\u00f3dztwie, realizacj\u0119 tegorocznych podwy\u017cek oraz spotkali si\u0119 z\u00a0przedstawicielami Krajowej Sekcji Po\u017carnictwa NSZZ \u201eSolidarno\u015b\u0107\u201d. Po przywitaniu delegat\u00f3w z poszczeg\u00f3lnych komend, przewodnicz\u0105cy RSP Pawe\u0142 Zieli\u0144ski z\u0142o\u017cy\u0142 gratulacj\u0119 nowo wybranym szefom komisji &hellip;<\/p>\n","protected":false},"author":2,"featured_media":4682,"comment_status":"closed","ping_status":"closed","sticky":false,"template":"","format":"standard","meta":{"footnotes":""},"categories":[2],"tags":[],"yoast_head":"<!-- This site is optimized with the Yoast SEO plugin v22.7 - https:\/\/yoast.com\/wordpress\/plugins\/seo\/ -->\n<title>Opolscy zwi\u0105zkowcy om\u00f3wili realizacj\u0119 tegorocznych podwy\u017cek - KSPNSZZ<\/title>\n<meta name=\"robots\" content=\"index, follow, max-snippet:-1, max-image-preview:large, max-video-preview:-1\" \/>\n<link rel=\"canonical\" href=\"https:\/\/kspnszz.org\/index.php\/2023\/03\/07\/opolscy-zwiazkowcy-omowili-realizacje-tegorocznych-podwyzek\/\" \/>\n<meta property=\"og:locale\" content=\"pl_PL\" \/>\n<meta property=\"og:type\" content=\"article\" \/>\n<meta property=\"og:title\" content=\"Opolscy zwi\u0105zkowcy om\u00f3wili realizacj\u0119 tegorocznych podwy\u017cek - KSPNSZZ\" \/>\n<meta property=\"og:description\" content=\"W dniach 2-3 marca 2023 roku w O\u015brodku Konferencyjno-Wypoczynkowym ZIEMOWIT w\u00a0Jarno\u0142t\u00f3wku, odby\u0142o si\u0119 posiedzenie Rady Regionalnej Sekcji Po\u017carnictwa NSZZ \u201eSolidarno\u015b\u0107\u201d \u015al\u0105ska Opolskiego. Zwi\u0105zkowcy om\u00f3wili bie\u017c\u0105ce problemy w\u00a0wojew\u00f3dztwie, realizacj\u0119 tegorocznych podwy\u017cek oraz spotkali si\u0119 z\u00a0przedstawicielami Krajowej Sekcji Po\u017carnictwa NSZZ \u201eSolidarno\u015b\u0107\u201d. Po przywitaniu delegat\u00f3w z poszczeg\u00f3lnych komend, przewodnicz\u0105cy RSP Pawe\u0142 Zieli\u0144ski z\u0142o\u017cy\u0142 gratulacj\u0119 nowo wybranym szefom komisji &hellip;\" \/>\n<meta property=\"og:url\" content=\"https:\/\/kspnszz.org\/index.php\/2023\/03\/07\/opolscy-zwiazkowcy-omowili-realizacje-tegorocznych-podwyzek\/\" \/>\n<meta property=\"og:site_name\" content=\"KSPNSZZ\" \/>\n<meta property=\"article:published_time\" content=\"2023-03-07T09:21:42+00:00\" \/>\n<meta property=\"article:modified_time\" content=\"2023-03-07T09:21:53+00:00\" \/>\n<meta property=\"og:image\" content=\"https:\/\/kspnszz.org\/wp-content\/uploads\/2023\/03\/334963869_2208706882669740_6098626588876791808_n.jpg\" \/>\n\t<meta property=\"og:image:width\" content=\"1387\" \/>\n\t<meta property=\"og:image:height\" content=\"954\" \/>\n\t<meta property=\"og:image:type\" content=\"image\/jpeg\" \/>\n<meta name=\"author\" content=\"bartlomiej\" \/>\n<meta name=\"twitter:card\" content=\"summary_large_image\" \/>\n<meta name=\"twitter:label1\" content=\"Napisane przez\" \/>\n\t<meta name=\"twitter:data1\" content=\"bartlomiej\" \/>\n\t<meta name=\"twitter:label2\" content=\"Szacowany czas czytania\" \/>\n\t<meta name=\"twitter:data2\" content=\"2 minuty\" \/>\n<script type=\"application\/ld+json\" class=\"yoast-schema-graph\">{\"@context\":\"https:\/\/schema.org\",\"@graph\":[{\"@type\":\"WebPage\",\"@id\":\"https:\/\/kspnszz.org\/index.php\/2023\/03\/07\/opolscy-zwiazkowcy-omowili-realizacje-tegorocznych-podwyzek\/\",\"url\":\"https:\/\/kspnszz.org\/index.php\/2023\/03\/07\/opolscy-zwiazkowcy-omowili-realizacje-tegorocznych-podwyzek\/\",\"name\":\"Opolscy zwi\u0105zkowcy om\u00f3wili realizacj\u0119 tegorocznych podwy\u017cek - KSPNSZZ\",\"isPartOf\":{\"@id\":\"https:\/\/kspnszz.org\/#website\"},\"primaryImageOfPage\":{\"@id\":\"https:\/\/kspnszz.org\/index.php\/2023\/03\/07\/opolscy-zwiazkowcy-omowili-realizacje-tegorocznych-podwyzek\/#primaryimage\"},\"image\":{\"@id\":\"https:\/\/kspnszz.org\/index.php\/2023\/03\/07\/opolscy-zwiazkowcy-omowili-realizacje-tegorocznych-podwyzek\/#primaryimage\"},\"thumbnailUrl\":\"http:\/\/kspnszz.org\/wp-content\/uploads\/2023\/03\/334963869_2208706882669740_6098626588876791808_n.jpg\",\"datePublished\":\"2023-03-07T09:21:42+00:00\",\"dateModified\":\"2023-03-07T09:21:53+00:00\",\"author\":{\"@id\":\"https:\/\/kspnszz.org\/#\/schema\/person\/31096cf196f706ef50ecbd878903cc13\"},\"breadcrumb\":{\"@id\":\"https:\/\/kspnszz.org\/index.php\/2023\/03\/07\/opolscy-zwiazkowcy-omowili-realizacje-tegorocznych-podwyzek\/#breadcrumb\"},\"inLanguage\":\"pl-PL\",\"potentialAction\":[{\"@type\":\"ReadAction\",\"target\":[\"https:\/\/kspnszz.org\/index.php\/2023\/03\/07\/opolscy-zwiazkowcy-omowili-realizacje-tegorocznych-podwyzek\/\"]}]},{\"@type\":\"ImageObject\",\"inLanguage\":\"pl-PL\",\"@id\":\"https:\/\/kspnszz.org\/index.php\/2023\/03\/07\/opolscy-zwiazkowcy-omowili-realizacje-tegorocznych-podwyzek\/#primaryimage\",\"url\":\"http:\/\/kspnszz.org\/wp-content\/uploads\/2023\/03\/334963869_2208706882669740_6098626588876791808_n.jpg\",\"contentUrl\":\"http:\/\/kspnszz.org\/wp-content\/uploads\/2023\/03\/334963869_2208706882669740_6098626588876791808_n.jpg\",\"width\":1387,\"height\":954},{\"@type\":\"BreadcrumbList\",\"@id\":\"https:\/\/kspnszz.org\/index.php\/2023\/03\/07\/opolscy-zwiazkowcy-omowili-realizacje-tegorocznych-podwyzek\/#breadcrumb\",\"itemListElement\":[{\"@type\":\"ListItem\",\"position\":1,\"name\":\"Strona g\u0142\u00f3wna\",\"item\":\"https:\/\/kspnszz.org\/\"},{\"@type\":\"ListItem\",\"position\":2,\"name\":\"Opolscy zwi\u0105zkowcy om\u00f3wili realizacj\u0119 tegorocznych podwy\u017cek\"}]},{\"@type\":\"WebSite\",\"@id\":\"https:\/\/kspnszz.org\/#website\",\"url\":\"https:\/\/kspnszz.org\/\",\"name\":\"KSPNSZZ\",\"description\":\"Krajowa Sekcja Po\u017carnictwa\",\"potentialAction\":[{\"@type\":\"SearchAction\",\"target\":{\"@type\":\"EntryPoint\",\"urlTemplate\":\"https:\/\/kspnszz.org\/?s={search_term_string}\"},\"query-input\":\"required name=search_term_string\"}],\"inLanguage\":\"pl-PL\"},{\"@type\":\"Person\",\"@id\":\"https:\/\/kspnszz.org\/#\/schema\/person\/31096cf196f706ef50ecbd878903cc13\",\"name\":\"bartlomiej\",\"image\":{\"@type\":\"ImageObject\",\"inLanguage\":\"pl-PL\",\"@id\":\"https:\/\/kspnszz.org\/#\/schema\/person\/image\/\",\"url\":\"http:\/\/0.gravatar.com\/avatar\/cb681656f150968eb94b73c62cf58e52?s=96&d=mm&r=g\",\"contentUrl\":\"http:\/\/0.gravatar.com\/avatar\/cb681656f150968eb94b73c62cf58e52?s=96&d=mm&r=g\",\"caption\":\"bartlomiej\"},\"url\":\"http:\/\/kspnszz.org\/index.php\/author\/bartlomiej\/\"}]}<\/script>\n<!-- \/ Yoast SEO plugin. -->","yoast_head_json":{"title":"Opolscy zwi\u0105zkowcy om\u00f3wili realizacj\u0119 tegorocznych podwy\u017cek - KSPNSZZ","robots":{"index":"index","follow":"follow","max-snippet":"max-snippet:-1","max-image-preview":"max-image-preview:large","max-video-preview":"max-video-preview:-1"},"canonical":"https:\/\/kspnszz.org\/index.php\/2023\/03\/07\/opolscy-zwiazkowcy-omowili-realizacje-tegorocznych-podwyzek\/","og_locale":"pl_PL","og_type":"article","og_title":"Opolscy zwi\u0105zkowcy om\u00f3wili realizacj\u0119 tegorocznych podwy\u017cek - KSPNSZZ","og_description":"W dniach 2-3 marca 2023 roku w O\u015brodku Konferencyjno-Wypoczynkowym ZIEMOWIT w\u00a0Jarno\u0142t\u00f3wku, odby\u0142o si\u0119 posiedzenie Rady Regionalnej Sekcji Po\u017carnictwa NSZZ \u201eSolidarno\u015b\u0107\u201d \u015al\u0105ska Opolskiego. Zwi\u0105zkowcy om\u00f3wili bie\u017c\u0105ce problemy w\u00a0wojew\u00f3dztwie, realizacj\u0119 tegorocznych podwy\u017cek oraz spotkali si\u0119 z\u00a0przedstawicielami Krajowej Sekcji Po\u017carnictwa NSZZ \u201eSolidarno\u015b\u0107\u201d. Po przywitaniu delegat\u00f3w z poszczeg\u00f3lnych komend, przewodnicz\u0105cy RSP Pawe\u0142 Zieli\u0144ski z\u0142o\u017cy\u0142 gratulacj\u0119 nowo wybranym szefom komisji &hellip;","og_url":"https:\/\/kspnszz.org\/index.php\/2023\/03\/07\/opolscy-zwiazkowcy-omowili-realizacje-tegorocznych-podwyzek\/","og_site_name":"KSPNSZZ","article_published_time":"2023-03-07T09:21:42+00:00","article_modified_time":"2023-03-07T09:21:53+00:00","og_image":[{"width":1387,"height":954,"url":"https:\/\/kspnszz.org\/wp-content\/uploads\/2023\/03\/334963869_2208706882669740_6098626588876791808_n.jpg","type":"image\/jpeg"}],"author":"bartlomiej","twitter_card":"summary_large_image","twitter_misc":{"Napisane przez":"bartlomiej","Szacowany czas czytania":"2 minuty"},"schema":{"@context":"https:\/\/schema.org","@graph":[{"@type":"WebPage","@id":"https:\/\/kspnszz.org\/index.php\/2023\/03\/07\/opolscy-zwiazkowcy-omowili-realizacje-tegorocznych-podwyzek\/","url":"https:\/\/kspnszz.org\/index.php\/2023\/03\/07\/opolscy-zwiazkowcy-omowili-realizacje-tegorocznych-podwyzek\/","name":"Opolscy zwi\u0105zkowcy om\u00f3wili realizacj\u0119 tegorocznych podwy\u017cek - KSPNSZZ","isPartOf":{"@id":"https:\/\/kspnszz.org\/#website"},"primaryImageOfPage":{"@id":"https:\/\/kspnszz.org\/index.php\/2023\/03\/07\/opolscy-zwiazkowcy-omowili-realizacje-tegorocznych-podwyzek\/#primaryimage"},"image":{"@id":"https:\/\/kspnszz.org\/index.php\/2023\/03\/07\/opolscy-zwiazkowcy-omowili-realizacje-tegorocznych-podwyzek\/#primaryimage"},"thumbnailUrl":"http:\/\/kspnszz.org\/wp-content\/uploads\/2023\/03\/334963869_2208706882669740_6098626588876791808_n.jpg","datePublished":"2023-03-07T09:21:42+00:00","dateModified":"2023-03-07T09:21:53+00:00","author":{"@id":"https:\/\/kspnszz.org\/#\/schema\/person\/31096cf196f706ef50ecbd878903cc13"},"breadcrumb":{"@id":"https:\/\/kspnszz.org\/index.php\/2023\/03\/07\/opolscy-zwiazkowcy-omowili-realizacje-tegorocznych-podwyzek\/#breadcrumb"},"inLanguage":"pl-PL","potentialAction":[{"@type":"ReadAction","target":["https:\/\/kspnszz.org\/index.php\/2023\/03\/07\/opolscy-zwiazkowcy-omowili-realizacje-tegorocznych-podwyzek\/"]}]},{"@type":"ImageObject","inLanguage":"pl-PL","@id":"https:\/\/kspnszz.org\/index.php\/2023\/03\/07\/opolscy-zwiazkowcy-omowili-realizacje-tegorocznych-podwyzek\/#primaryimage","url":"http:\/\/kspnszz.org\/wp-content\/uploads\/2023\/03\/334963869_2208706882669740_6098626588876791808_n.jpg","contentUrl":"http:\/\/kspnszz.org\/wp-content\/uploads\/2023\/03\/334963869_2208706882669740_6098626588876791808_n.jpg","width":1387,"height":954},{"@type":"BreadcrumbList","@id":"https:\/\/kspnszz.org\/index.php\/2023\/03\/07\/opolscy-zwiazkowcy-omowili-realizacje-tegorocznych-podwyzek\/#breadcrumb","itemListElement":[{"@type":"ListItem","position":1,"name":"Strona g\u0142\u00f3wna","item":"https:\/\/kspnszz.org\/"},{"@type":"ListItem","position":2,"name":"Opolscy zwi\u0105zkowcy om\u00f3wili realizacj\u0119 tegorocznych podwy\u017cek"}]},{"@type":"WebSite","@id":"https:\/\/kspnszz.org\/#website","url":"https:\/\/kspnszz.org\/","name":"KSPNSZZ","description":"Krajowa Sekcja Po\u017carnictwa","potentialAction":[{"@type":"SearchAction","target":{"@type":"EntryPoint","urlTemplate":"https:\/\/kspnszz.org\/?s={search_term_string}"},"query-input":"required name=search_term_string"}],"inLanguage":"pl-PL"},{"@type":"Person","@id":"https:\/\/kspnszz.org\/#\/schema\/person\/31096cf196f706ef50ecbd878903cc13","name":"bartlomiej","image":{"@type":"ImageObject","inLanguage":"pl-PL","@id":"https:\/\/kspnszz.org\/#\/schema\/person\/image\/","url":"http:\/\/0.gravatar.com\/avatar\/cb681656f150968eb94b73c62cf58e52?s=96&d=mm&r=g","contentUrl":"http:\/\/0.gravatar.com\/avatar\/cb681656f150968eb94b73c62cf58e52?s=96&d=mm&r=g","caption":"bartlomiej"},"url":"http:\/\/kspnszz.org\/index.php\/author\/bartlomiej\/"}]}},"_links":{"self":[{"href":"http:\/\/kspnszz.org\/index.php\/wp-json\/wp\/v2\/posts\/4686"}],"collection":[{"href":"http:\/\/kspnszz.org\/index.php\/wp-json\/wp\/v2\/posts"}],"about":[{"href":"http:\/\/kspnszz.org\/index.php\/wp-json\/wp\/v2\/types\/post"}],"author":[{"embeddable":true,"href":"http:\/\/kspnszz.org\/index.php\/wp-json\/wp\/v2\/users\/2"}],"replies":[{"embeddable":true,"href":"http:\/\/kspnszz.org\/index.php\/wp-json\/wp\/v2\/comments?post=4686"}],"version-history":[{"count":7,"href":"http:\/\/kspnszz.org\/index.php\/wp-json\/wp\/v2\/posts\/4686\/revisions"}],"predecessor-version":[{"id":4693,"href":"http:\/\/kspnszz.org\/index.php\/wp-json\/wp\/v2\/posts\/4686\/revisions\/4693"}],"wp:featuredmedia":[{"embeddable":true,"href":"http:\/\/kspnszz.org\/index.php\/wp-json\/wp\/v2\/media\/4682"}],"wp:attachment":[{"href":"http:\/\/kspnszz.org\/index.php\/wp-json\/wp\/v2\/media?parent=4686"}],"wp:term":[{"taxonomy":"category","embeddable":true,"href":"http:\/\/kspnszz.org\/index.php\/wp-json\/wp\/v2\/categories?post=4686"},{"taxonomy":"post_tag","embeddable":true,"href":"http:\/\/kspnszz.org\/index.php\/wp-json\/wp\/v2\/tags?post=4686"}],"curies":[{"name":"wp","href":"https:\/\/api.w.org\/{rel}","templated":true}]}}