{"id":4288,"date":"2022-10-05T17:57:25","date_gmt":"2022-10-05T15:57:25","guid":{"rendered":"http:\/\/kspnszz.org\/?p=4288"},"modified":"2022-10-05T17:57:25","modified_gmt":"2022-10-05T15:57:25","slug":"nasze-racje-musza-byc-nie-tylko-slyszane-ale-takze-brane-pod-uwage","status":"publish","type":"post","link":"http:\/\/kspnszz.org\/index.php\/2022\/10\/05\/nasze-racje-musza-byc-nie-tylko-slyszane-ale-takze-brane-pod-uwage\/","title":{"rendered":"Nasze racje musz\u0105 by\u0107 nie tylko s\u0142yszane, ale tak\u017ce brane pod uwag\u0119"},"content":{"rendered":"<p><strong>Niemal dwie godziny trwa\u0142o dzisiejsze spotkanie premiera Mateusza Morawieckiego z\u00a0przewodnicz\u0105cymi Zarz\u0105d\u00f3w Region\u00f3w i\u00a0Sekretariat\u00f3w Bran\u017cowych NSZZ \u201eSolidarno\u015b\u0107\u201d w\u00a0warszawskiej siedzibie Komisji Krajowej. Dyskutowano o zapewnieniu godziwego (systemowego) wzrostu wynagrodze\u0144 pracownik\u00f3w w szeroko rozumianej sferze finans\u00f3w publicznych oraz sposobach systemowego powstrzymania wzrostu cen energii i\u00a0emeryturach sta\u017cowych.<\/strong><\/p>\n<p><a href=\"http:\/\/kspnszz.org\/wp-content\/uploads\/2022\/10\/310431970_767646667859509_2449660460482311948_n.jpg\" data-rel=\"lightbox-image-0\" data-rl_title=\"\" data-rl_caption=\"\" title=\"\"><img loading=\"lazy\" decoding=\"async\" class=\"aligncenter wp-image-4296 size-large\" src=\"http:\/\/kspnszz.org\/wp-content\/uploads\/2022\/10\/310431970_767646667859509_2449660460482311948_n-e1664985386118-1024x568.jpg\" alt=\"310431970_767646667859509_2449660460482311948_n\" width=\"618\" height=\"343\" srcset=\"http:\/\/kspnszz.org\/wp-content\/uploads\/2022\/10\/310431970_767646667859509_2449660460482311948_n-e1664985386118.jpg 1024w, http:\/\/kspnszz.org\/wp-content\/uploads\/2022\/10\/310431970_767646667859509_2449660460482311948_n-e1664985386118-300x166.jpg 300w\" sizes=\"(max-width: 618px) 100vw, 618px\" \/><\/a><\/p>\n<blockquote>\n<p style=\"text-align: justify;\"><em>\u2013 \u2026 bardzo wa\u017cny postulat dotyczy regulacji p\u0142acowych w sferze finans\u00f3w publicznych. Je\u015bli rz\u0105d proponuje na 2023 rok podwy\u017ck\u0119 na poziomie 7,8 proc., to my si\u0119 z tym nie zgadzamy, ale na tym polega dialog, \u017ce si\u0119 spotykamy i o tym rozmawiamy. B\u0119dziemy ten temat dr\u0105\u017cy\u0107 i podejmowa\u0107 decyzje. Zaapelowa\u0142em tak\u017ce do premiera Morawieckiego o powo\u0142anie wsp\u00f3lnego zespo\u0142u rz\u0105d-Solidarno\u015b\u0107, aby\u015bmy mogli na te tematy w dalszym ci\u0105gu rozmawia\u0107, nie zamykaj\u0105c drogi do dialogu spo\u0142ecznego \u2013 powiedzia\u0142 przewodnicz\u0105cy Komisji Krajowej NSZZ \u201eSolidarno\u015b\u0107\u201d<\/em><em>.<\/em><\/p>\n<\/blockquote>\n<p style=\"text-align: justify;\">Premier Mateusz Morawiecki przekonywa\u0142, \u017ce jako gospodarka i ca\u0142e polskie spo\u0142ecze\u0144stwo znajdujemy si\u0119 w wyj\u0105tkowym czasie, dlatego potrzebujemy odpowiedzialnych dzia\u0142a\u0144. \u2013 <em>St\u0105d takie, a nie inne podwy\u017cki czy regulacje p\u0142acowe, kt\u00f3re zaproponowali\u015bmy w sferze bud\u017cetowej<\/em> \u2013 zapewni\u0142 premier.<\/p>\n<p style=\"text-align: justify;\">\u2013 <em>Apeluj\u0119 o dialog, bo tak jak m\u00f3wi\u0142 pan premier \u2013 na tej \u0142odzi musi by\u0107 miejsce dla wszystkich. My chcemy jako Solidarno\u015b\u0107 anga\u017cowa\u0107 si\u0119 w dialog merytoryczny, ale nasze racje musz\u0105 by\u0107 nie tylko s\u0142yszane, ale tak\u017ce brane pod uwag\u0119<\/em> \u2013 z kolei podkre\u015bla\u0142 po spotkaniu Piotr Duda.<\/p>\n<p style=\"text-align: justify;\">Po zako\u0144czeniu spotkania z\u00a0premierem Mateuszem Morawieckim obradowa\u0142 Konwent Przewodnicz\u0105cych NSZZ \u201eSolidarno\u015b\u0107\u201d, kt\u00f3ry zdecydowa\u0142, aby\u00a0zwo\u0142a\u0107 pilne posiedzenie Komisji Krajowej NSZZ \u201eS\u201d. Odb\u0119dzie si\u0119 ono w\u00a0pi\u0105tek, 7\u00a0pa\u017adziernika 2022 roku. Na\u00a0posiedzeniu Komisja Krajowa NSZZ \u201eSolidarno\u015b\u0107\u201d podejmie decyzj\u0119 co do dalszych dzia\u0142a\u0144 Zwi\u0105zku, w tym terminu i rodzaju ewentualnych dzia\u0142a\u0144 protestacyjnych.<\/p>\n<p style=\"text-align: justify;\"><a href=\"http:\/\/kspnszz.org\/wp-content\/uploads\/2022\/10\/310438158_1083483585867889_8690788458260831731_n.jpg\" data-rel=\"lightbox-image-1\" data-rl_title=\"\" data-rl_caption=\"\" title=\"\"><img loading=\"lazy\" decoding=\"async\" class=\"aligncenter size-large wp-image-4295\" src=\"http:\/\/kspnszz.org\/wp-content\/uploads\/2022\/10\/310438158_1083483585867889_8690788458260831731_n-1024x683.jpg\" alt=\"310438158_1083483585867889_8690788458260831731_n\" width=\"618\" height=\"412\" srcset=\"http:\/\/kspnszz.org\/wp-content\/uploads\/2022\/10\/310438158_1083483585867889_8690788458260831731_n-1024x683.jpg 1024w, http:\/\/kspnszz.org\/wp-content\/uploads\/2022\/10\/310438158_1083483585867889_8690788458260831731_n-300x200.jpg 300w, http:\/\/kspnszz.org\/wp-content\/uploads\/2022\/10\/310438158_1083483585867889_8690788458260831731_n.jpg 1599w\" sizes=\"(max-width: 618px) 100vw, 618px\" \/><\/a><\/p>\n","protected":false},"excerpt":{"rendered":"<p>Niemal dwie godziny trwa\u0142o dzisiejsze spotkanie premiera Mateusza Morawieckiego z\u00a0przewodnicz\u0105cymi Zarz\u0105d\u00f3w Region\u00f3w i\u00a0Sekretariat\u00f3w Bran\u017cowych NSZZ \u201eSolidarno\u015b\u0107\u201d w\u00a0warszawskiej siedzibie Komisji Krajowej. Dyskutowano o zapewnieniu godziwego (systemowego) wzrostu wynagrodze\u0144 pracownik\u00f3w w szeroko rozumianej sferze finans\u00f3w publicznych oraz sposobach systemowego powstrzymania wzrostu cen energii i\u00a0emeryturach sta\u017cowych. \u2013 \u2026 bardzo wa\u017cny postulat dotyczy regulacji p\u0142acowych w sferze finans\u00f3w publicznych. &hellip;<\/p>\n","protected":false},"author":2,"featured_media":4296,"comment_status":"closed","ping_status":"closed","sticky":false,"template":"","format":"standard","meta":{"footnotes":""},"categories":[2,1],"tags":[],"yoast_head":"<!-- This site is optimized with the Yoast SEO plugin v22.7 - https:\/\/yoast.com\/wordpress\/plugins\/seo\/ -->\n<title>Nasze racje musz\u0105 by\u0107 nie tylko s\u0142yszane, ale tak\u017ce brane pod uwag\u0119 - KSPNSZZ<\/title>\n<meta name=\"robots\" content=\"index, follow, max-snippet:-1, max-image-preview:large, max-video-preview:-1\" \/>\n<link rel=\"canonical\" href=\"https:\/\/kspnszz.org\/index.php\/2022\/10\/05\/nasze-racje-musza-byc-nie-tylko-slyszane-ale-takze-brane-pod-uwage\/\" \/>\n<meta property=\"og:locale\" content=\"pl_PL\" \/>\n<meta property=\"og:type\" content=\"article\" \/>\n<meta property=\"og:title\" content=\"Nasze racje musz\u0105 by\u0107 nie tylko s\u0142yszane, ale tak\u017ce brane pod uwag\u0119 - KSPNSZZ\" \/>\n<meta property=\"og:description\" content=\"Niemal dwie godziny trwa\u0142o dzisiejsze spotkanie premiera Mateusza Morawieckiego z\u00a0przewodnicz\u0105cymi Zarz\u0105d\u00f3w Region\u00f3w i\u00a0Sekretariat\u00f3w Bran\u017cowych NSZZ \u201eSolidarno\u015b\u0107\u201d w\u00a0warszawskiej siedzibie Komisji Krajowej. Dyskutowano o zapewnieniu godziwego (systemowego) wzrostu wynagrodze\u0144 pracownik\u00f3w w szeroko rozumianej sferze finans\u00f3w publicznych oraz sposobach systemowego powstrzymania wzrostu cen energii i\u00a0emeryturach sta\u017cowych. \u2013 \u2026 bardzo wa\u017cny postulat dotyczy regulacji p\u0142acowych w sferze finans\u00f3w publicznych. &hellip;\" \/>\n<meta property=\"og:url\" content=\"https:\/\/kspnszz.org\/index.php\/2022\/10\/05\/nasze-racje-musza-byc-nie-tylko-slyszane-ale-takze-brane-pod-uwage\/\" \/>\n<meta property=\"og:site_name\" content=\"KSPNSZZ\" \/>\n<meta property=\"article:published_time\" content=\"2022-10-05T15:57:25+00:00\" \/>\n<meta property=\"og:image\" content=\"https:\/\/kspnszz.org\/wp-content\/uploads\/2022\/10\/310431970_767646667859509_2449660460482311948_n-e1664985386118.jpg\" \/>\n\t<meta property=\"og:image:width\" content=\"1024\" \/>\n\t<meta property=\"og:image:height\" content=\"568\" \/>\n\t<meta property=\"og:image:type\" content=\"image\/jpeg\" \/>\n<meta name=\"author\" content=\"bartlomiej\" \/>\n<meta name=\"twitter:card\" content=\"summary_large_image\" \/>\n<meta name=\"twitter:label1\" content=\"Napisane przez\" \/>\n\t<meta name=\"twitter:data1\" content=\"bartlomiej\" \/>\n\t<meta name=\"twitter:label2\" content=\"Szacowany czas czytania\" \/>\n\t<meta name=\"twitter:data2\" content=\"2 minuty\" \/>\n<script type=\"application\/ld+json\" class=\"yoast-schema-graph\">{\"@context\":\"https:\/\/schema.org\",\"@graph\":[{\"@type\":\"WebPage\",\"@id\":\"https:\/\/kspnszz.org\/index.php\/2022\/10\/05\/nasze-racje-musza-byc-nie-tylko-slyszane-ale-takze-brane-pod-uwage\/\",\"url\":\"https:\/\/kspnszz.org\/index.php\/2022\/10\/05\/nasze-racje-musza-byc-nie-tylko-slyszane-ale-takze-brane-pod-uwage\/\",\"name\":\"Nasze racje musz\u0105 by\u0107 nie tylko s\u0142yszane, ale tak\u017ce brane pod uwag\u0119 - KSPNSZZ\",\"isPartOf\":{\"@id\":\"https:\/\/kspnszz.org\/#website\"},\"primaryImageOfPage\":{\"@id\":\"https:\/\/kspnszz.org\/index.php\/2022\/10\/05\/nasze-racje-musza-byc-nie-tylko-slyszane-ale-takze-brane-pod-uwage\/#primaryimage\"},\"image\":{\"@id\":\"https:\/\/kspnszz.org\/index.php\/2022\/10\/05\/nasze-racje-musza-byc-nie-tylko-slyszane-ale-takze-brane-pod-uwage\/#primaryimage\"},\"thumbnailUrl\":\"http:\/\/kspnszz.org\/wp-content\/uploads\/2022\/10\/310431970_767646667859509_2449660460482311948_n-e1664985386118.jpg\",\"datePublished\":\"2022-10-05T15:57:25+00:00\",\"dateModified\":\"2022-10-05T15:57:25+00:00\",\"author\":{\"@id\":\"https:\/\/kspnszz.org\/#\/schema\/person\/31096cf196f706ef50ecbd878903cc13\"},\"breadcrumb\":{\"@id\":\"https:\/\/kspnszz.org\/index.php\/2022\/10\/05\/nasze-racje-musza-byc-nie-tylko-slyszane-ale-takze-brane-pod-uwage\/#breadcrumb\"},\"inLanguage\":\"pl-PL\",\"potentialAction\":[{\"@type\":\"ReadAction\",\"target\":[\"https:\/\/kspnszz.org\/index.php\/2022\/10\/05\/nasze-racje-musza-byc-nie-tylko-slyszane-ale-takze-brane-pod-uwage\/\"]}]},{\"@type\":\"ImageObject\",\"inLanguage\":\"pl-PL\",\"@id\":\"https:\/\/kspnszz.org\/index.php\/2022\/10\/05\/nasze-racje-musza-byc-nie-tylko-slyszane-ale-takze-brane-pod-uwage\/#primaryimage\",\"url\":\"http:\/\/kspnszz.org\/wp-content\/uploads\/2022\/10\/310431970_767646667859509_2449660460482311948_n-e1664985386118.jpg\",\"contentUrl\":\"http:\/\/kspnszz.org\/wp-content\/uploads\/2022\/10\/310431970_767646667859509_2449660460482311948_n-e1664985386118.jpg\",\"width\":1024,\"height\":568},{\"@type\":\"BreadcrumbList\",\"@id\":\"https:\/\/kspnszz.org\/index.php\/2022\/10\/05\/nasze-racje-musza-byc-nie-tylko-slyszane-ale-takze-brane-pod-uwage\/#breadcrumb\",\"itemListElement\":[{\"@type\":\"ListItem\",\"position\":1,\"name\":\"Strona g\u0142\u00f3wna\",\"item\":\"https:\/\/kspnszz.org\/\"},{\"@type\":\"ListItem\",\"position\":2,\"name\":\"Nasze racje musz\u0105 by\u0107 nie tylko s\u0142yszane, ale tak\u017ce brane pod uwag\u0119\"}]},{\"@type\":\"WebSite\",\"@id\":\"https:\/\/kspnszz.org\/#website\",\"url\":\"https:\/\/kspnszz.org\/\",\"name\":\"KSPNSZZ\",\"description\":\"Krajowa Sekcja Po\u017carnictwa\",\"potentialAction\":[{\"@type\":\"SearchAction\",\"target\":{\"@type\":\"EntryPoint\",\"urlTemplate\":\"https:\/\/kspnszz.org\/?s={search_term_string}\"},\"query-input\":\"required name=search_term_string\"}],\"inLanguage\":\"pl-PL\"},{\"@type\":\"Person\",\"@id\":\"https:\/\/kspnszz.org\/#\/schema\/person\/31096cf196f706ef50ecbd878903cc13\",\"name\":\"bartlomiej\",\"image\":{\"@type\":\"ImageObject\",\"inLanguage\":\"pl-PL\",\"@id\":\"https:\/\/kspnszz.org\/#\/schema\/person\/image\/\",\"url\":\"http:\/\/0.gravatar.com\/avatar\/cb681656f150968eb94b73c62cf58e52?s=96&d=mm&r=g\",\"contentUrl\":\"http:\/\/0.gravatar.com\/avatar\/cb681656f150968eb94b73c62cf58e52?s=96&d=mm&r=g\",\"caption\":\"bartlomiej\"},\"url\":\"http:\/\/kspnszz.org\/index.php\/author\/bartlomiej\/\"}]}<\/script>\n<!-- \/ Yoast SEO plugin. -->","yoast_head_json":{"title":"Nasze racje musz\u0105 by\u0107 nie tylko s\u0142yszane, ale tak\u017ce brane pod uwag\u0119 - KSPNSZZ","robots":{"index":"index","follow":"follow","max-snippet":"max-snippet:-1","max-image-preview":"max-image-preview:large","max-video-preview":"max-video-preview:-1"},"canonical":"https:\/\/kspnszz.org\/index.php\/2022\/10\/05\/nasze-racje-musza-byc-nie-tylko-slyszane-ale-takze-brane-pod-uwage\/","og_locale":"pl_PL","og_type":"article","og_title":"Nasze racje musz\u0105 by\u0107 nie tylko s\u0142yszane, ale tak\u017ce brane pod uwag\u0119 - KSPNSZZ","og_description":"Niemal dwie godziny trwa\u0142o dzisiejsze spotkanie premiera Mateusza Morawieckiego z\u00a0przewodnicz\u0105cymi Zarz\u0105d\u00f3w Region\u00f3w i\u00a0Sekretariat\u00f3w Bran\u017cowych NSZZ \u201eSolidarno\u015b\u0107\u201d w\u00a0warszawskiej siedzibie Komisji Krajowej. Dyskutowano o zapewnieniu godziwego (systemowego) wzrostu wynagrodze\u0144 pracownik\u00f3w w szeroko rozumianej sferze finans\u00f3w publicznych oraz sposobach systemowego powstrzymania wzrostu cen energii i\u00a0emeryturach sta\u017cowych. \u2013 \u2026 bardzo wa\u017cny postulat dotyczy regulacji p\u0142acowych w sferze finans\u00f3w publicznych. &hellip;","og_url":"https:\/\/kspnszz.org\/index.php\/2022\/10\/05\/nasze-racje-musza-byc-nie-tylko-slyszane-ale-takze-brane-pod-uwage\/","og_site_name":"KSPNSZZ","article_published_time":"2022-10-05T15:57:25+00:00","og_image":[{"width":1024,"height":568,"url":"https:\/\/kspnszz.org\/wp-content\/uploads\/2022\/10\/310431970_767646667859509_2449660460482311948_n-e1664985386118.jpg","type":"image\/jpeg"}],"author":"bartlomiej","twitter_card":"summary_large_image","twitter_misc":{"Napisane przez":"bartlomiej","Szacowany czas czytania":"2 minuty"},"schema":{"@context":"https:\/\/schema.org","@graph":[{"@type":"WebPage","@id":"https:\/\/kspnszz.org\/index.php\/2022\/10\/05\/nasze-racje-musza-byc-nie-tylko-slyszane-ale-takze-brane-pod-uwage\/","url":"https:\/\/kspnszz.org\/index.php\/2022\/10\/05\/nasze-racje-musza-byc-nie-tylko-slyszane-ale-takze-brane-pod-uwage\/","name":"Nasze racje musz\u0105 by\u0107 nie tylko s\u0142yszane, ale tak\u017ce brane pod uwag\u0119 - KSPNSZZ","isPartOf":{"@id":"https:\/\/kspnszz.org\/#website"},"primaryImageOfPage":{"@id":"https:\/\/kspnszz.org\/index.php\/2022\/10\/05\/nasze-racje-musza-byc-nie-tylko-slyszane-ale-takze-brane-pod-uwage\/#primaryimage"},"image":{"@id":"https:\/\/kspnszz.org\/index.php\/2022\/10\/05\/nasze-racje-musza-byc-nie-tylko-slyszane-ale-takze-brane-pod-uwage\/#primaryimage"},"thumbnailUrl":"http:\/\/kspnszz.org\/wp-content\/uploads\/2022\/10\/310431970_767646667859509_2449660460482311948_n-e1664985386118.jpg","datePublished":"2022-10-05T15:57:25+00:00","dateModified":"2022-10-05T15:57:25+00:00","author":{"@id":"https:\/\/kspnszz.org\/#\/schema\/person\/31096cf196f706ef50ecbd878903cc13"},"breadcrumb":{"@id":"https:\/\/kspnszz.org\/index.php\/2022\/10\/05\/nasze-racje-musza-byc-nie-tylko-slyszane-ale-takze-brane-pod-uwage\/#breadcrumb"},"inLanguage":"pl-PL","potentialAction":[{"@type":"ReadAction","target":["https:\/\/kspnszz.org\/index.php\/2022\/10\/05\/nasze-racje-musza-byc-nie-tylko-slyszane-ale-takze-brane-pod-uwage\/"]}]},{"@type":"ImageObject","inLanguage":"pl-PL","@id":"https:\/\/kspnszz.org\/index.php\/2022\/10\/05\/nasze-racje-musza-byc-nie-tylko-slyszane-ale-takze-brane-pod-uwage\/#primaryimage","url":"http:\/\/kspnszz.org\/wp-content\/uploads\/2022\/10\/310431970_767646667859509_2449660460482311948_n-e1664985386118.jpg","contentUrl":"http:\/\/kspnszz.org\/wp-content\/uploads\/2022\/10\/310431970_767646667859509_2449660460482311948_n-e1664985386118.jpg","width":1024,"height":568},{"@type":"BreadcrumbList","@id":"https:\/\/kspnszz.org\/index.php\/2022\/10\/05\/nasze-racje-musza-byc-nie-tylko-slyszane-ale-takze-brane-pod-uwage\/#breadcrumb","itemListElement":[{"@type":"ListItem","position":1,"name":"Strona g\u0142\u00f3wna","item":"https:\/\/kspnszz.org\/"},{"@type":"ListItem","position":2,"name":"Nasze racje musz\u0105 by\u0107 nie tylko s\u0142yszane, ale tak\u017ce brane pod uwag\u0119"}]},{"@type":"WebSite","@id":"https:\/\/kspnszz.org\/#website","url":"https:\/\/kspnszz.org\/","name":"KSPNSZZ","description":"Krajowa Sekcja Po\u017carnictwa","potentialAction":[{"@type":"SearchAction","target":{"@type":"EntryPoint","urlTemplate":"https:\/\/kspnszz.org\/?s={search_term_string}"},"query-input":"required name=search_term_string"}],"inLanguage":"pl-PL"},{"@type":"Person","@id":"https:\/\/kspnszz.org\/#\/schema\/person\/31096cf196f706ef50ecbd878903cc13","name":"bartlomiej","image":{"@type":"ImageObject","inLanguage":"pl-PL","@id":"https:\/\/kspnszz.org\/#\/schema\/person\/image\/","url":"http:\/\/0.gravatar.com\/avatar\/cb681656f150968eb94b73c62cf58e52?s=96&d=mm&r=g","contentUrl":"http:\/\/0.gravatar.com\/avatar\/cb681656f150968eb94b73c62cf58e52?s=96&d=mm&r=g","caption":"bartlomiej"},"url":"http:\/\/kspnszz.org\/index.php\/author\/bartlomiej\/"}]}},"_links":{"self":[{"href":"http:\/\/kspnszz.org\/index.php\/wp-json\/wp\/v2\/posts\/4288"}],"collection":[{"href":"http:\/\/kspnszz.org\/index.php\/wp-json\/wp\/v2\/posts"}],"about":[{"href":"http:\/\/kspnszz.org\/index.php\/wp-json\/wp\/v2\/types\/post"}],"author":[{"embeddable":true,"href":"http:\/\/kspnszz.org\/index.php\/wp-json\/wp\/v2\/users\/2"}],"replies":[{"embeddable":true,"href":"http:\/\/kspnszz.org\/index.php\/wp-json\/wp\/v2\/comments?post=4288"}],"version-history":[{"count":7,"href":"http:\/\/kspnszz.org\/index.php\/wp-json\/wp\/v2\/posts\/4288\/revisions"}],"predecessor-version":[{"id":4297,"href":"http:\/\/kspnszz.org\/index.php\/wp-json\/wp\/v2\/posts\/4288\/revisions\/4297"}],"wp:featuredmedia":[{"embeddable":true,"href":"http:\/\/kspnszz.org\/index.php\/wp-json\/wp\/v2\/media\/4296"}],"wp:attachment":[{"href":"http:\/\/kspnszz.org\/index.php\/wp-json\/wp\/v2\/media?parent=4288"}],"wp:term":[{"taxonomy":"category","embeddable":true,"href":"http:\/\/kspnszz.org\/index.php\/wp-json\/wp\/v2\/categories?post=4288"},{"taxonomy":"post_tag","embeddable":true,"href":"http:\/\/kspnszz.org\/index.php\/wp-json\/wp\/v2\/tags?post=4288"}],"curies":[{"name":"wp","href":"https:\/\/api.w.org\/{rel}","templated":true}]}}