{"id":4103,"date":"2022-07-08T10:19:36","date_gmt":"2022-07-08T08:19:36","guid":{"rendered":"http:\/\/kspnszz.org\/?p=4103"},"modified":"2022-07-08T10:19:36","modified_gmt":"2022-07-08T08:19:36","slug":"uroczystosci-uroczystosci-uroczystosci","status":"publish","type":"post","link":"http:\/\/kspnszz.org\/index.php\/2022\/07\/08\/uroczystosci-uroczystosci-uroczystosci\/","title":{"rendered":"Uroczysto\u015bci, uroczysto\u015bci, uroczysto\u015bci\u2026."},"content":{"rendered":"<p style=\"text-align: justify;\"><strong>Prze\u0142om czerwca i lipca obfitowa\u0142 w szereg uroczysto\u015bci zwi\u0105zanych z funkcjonowaniem Pa\u0144stwowej Stra\u017cy Po\u017carnej. Udzia\u0142 w nich brali przedstawiciele Krajowej Sekcji Po\u017carnictwa NSZZ \u201eSolidarno\u015b\u0107\u201d.<\/strong><\/p>\n<p style=\"text-align: justify;\">28 czerwca 2022 r. wr\u0119czony\u00a0zosta\u0142 pierwszy w historii tytu\u0142 honorowy doktora honoris causa Szko\u0142y G\u0142\u00f3wnej S\u0142u\u017cby Po\u017carniczej<strong>\u00a0<\/strong>a otrzyma\u0142a go<strong>\u00a0<\/strong>Pani st. bryg. w st. spocz. prof. dr hab. Melania Pofit-Szczepa\u0144ska. Pani Profesor by\u0142a wieloletnim pracownikiem i funkcjonariuszem SGSP, a wcze\u015bniej Wy\u017cszej Oficerskiej Szko\u0142y Po\u017carniczej i Szko\u0142y Oficer\u00f3w Po\u017carnictwa. To ceniony dydaktyk, naukowiec i\u00a0wychowawca wielu pokole\u0144 oficer\u00f3w po\u017carnictwa oraz niekwestionowany autorytet w obszarze fizykochemii spalania i wybuchu.<\/p>\n<p style=\"text-align: justify;\">Krajow\u0105 Sekcj\u0119 Po\u017carnictwa NSZZ \u201eSolidarno\u015b\u0107\u201d reprezentowa\u0142 Wiceprzewodnicz\u0105cy Maciej \u0141ozowski.<\/p>\n<p style=\"text-align: justify;\"><a href=\"https:\/\/www.sgsp.edu.pl\/?page_id=30292\">https:\/\/www.sgsp.edu.pl\/?page_id=30292<\/a><\/p>\n<p><img loading=\"lazy\" decoding=\"async\" class=\"wp-image-4099 aligncenter\" src=\"http:\/\/kspnszz.org\/wp-content\/uploads\/2022\/07\/Melania-Pofit\u2013Szczepan\u0301ska-uroczystos\u0301c\u0301-DHC-3-scaled-1024x700.jpg\" alt=\"Melania-Pofit\u2013Szczepan\u0301ska-uroczystos\u0301c\u0301-DHC-3-scaled\" width=\"270\" height=\"184\" srcset=\"http:\/\/kspnszz.org\/wp-content\/uploads\/2022\/07\/Melania-Pofit\u2013Szczepan\u0301ska-uroczystos\u0301c\u0301-DHC-3-scaled-1024x700.jpg 1024w, http:\/\/kspnszz.org\/wp-content\/uploads\/2022\/07\/Melania-Pofit\u2013Szczepan\u0301ska-uroczystos\u0301c\u0301-DHC-3-scaled-300x205.jpg 300w, http:\/\/kspnszz.org\/wp-content\/uploads\/2022\/07\/Melania-Pofit\u2013Szczepan\u0301ska-uroczystos\u0301c\u0301-DHC-3-scaled-110x75.jpg 110w\" sizes=\"(max-width: 270px) 100vw, 270px\" \/>\u00a0<a href=\"http:\/\/kspnszz.org\/wp-content\/uploads\/2022\/07\/Melania-Pofit\u2013Szczepan\u0301ska-uroczystos\u0301c\u0301-DHC-22-scaled.jpg\" data-rel=\"lightbox-image-0\" data-rl_title=\"\" data-rl_caption=\"\" title=\"\"><img loading=\"lazy\" decoding=\"async\" class=\"wp-image-4100 aligncenter\" src=\"http:\/\/kspnszz.org\/wp-content\/uploads\/2022\/07\/Melania-Pofit\u2013Szczepan\u0301ska-uroczystos\u0301c\u0301-DHC-22-scaled-1024x596.jpg\" alt=\"Melania-Pofit\u2013Szczepan\u0301ska-uroczystos\u0301c\u0301-DHC-22-scaled\" width=\"270\" height=\"157\" srcset=\"http:\/\/kspnszz.org\/wp-content\/uploads\/2022\/07\/Melania-Pofit\u2013Szczepan\u0301ska-uroczystos\u0301c\u0301-DHC-22-scaled-1024x596.jpg 1024w, http:\/\/kspnszz.org\/wp-content\/uploads\/2022\/07\/Melania-Pofit\u2013Szczepan\u0301ska-uroczystos\u0301c\u0301-DHC-22-scaled-300x175.jpg 300w\" sizes=\"(max-width: 270px) 100vw, 270px\" \/><\/a><\/p>\n<p style=\"text-align: justify;\">1 lipca 2022 r. w Komendzie G\u0142\u00f3wnej PSP odby\u0142 si\u0119 uroczysty apel z okazji jubileuszu 30-lecia powo\u0142ania Pa\u0144stwowej Stra\u017cy Po\u017carnej oraz nadania sztandaru Komendzie G\u0142\u00f3wnej Pa\u0144stwowej Stra\u017cy Po\u017carnej. Krajowa Sekcja Po\u017carnictwa NSZZ \u201eSolidarno\u015b\u0107\u201d by\u0142a jednym z fundator\u00f3w sztandaru. Wydarzeniu towarzyszy\u0142o ods\u0142oni\u0119cie \u015aciany Pami\u0119ci po\u015bwi\u0119conej Stra\u017cakom Stra\u017cy Po\u017carnych, Pa\u0144stwowej Stra\u017cy Po\u017carnej i Ochotniczych Stra\u017cy Po\u017carnych, kt\u00f3rzy zgin\u0119li w czasie dzia\u0142a\u0144 ratowniczo &#8211; ga\u015bniczych oraz \u0107wicze\u0144, od 1950 r. do chwili obecnej.<\/p>\n<p style=\"text-align: justify;\">Krajow\u0105 Sekcj\u0119 Po\u017carnictwa NSZZ \u201eSolidarno\u015b\u0107\u201d reprezentowa\u0142 Przewodnicz\u0105cy Bart\u0142omiej Mickiewicz.<\/p>\n<p style=\"text-align: justify;\"><a href=\"https:\/\/www.gov.pl\/web\/kgpsp\/30-lat-powolania-panstwowej-strazy-pozarnej-uhonorowano-nadaniem-nowego-sztandaru-dla-kg-psp-oraz-odslonieciem-sciany-pamieci-poleglych-strazakow\">https:\/\/www.gov.pl\/web\/kgpsp\/30-lat-powolania-panstwowej-strazy-pozarnej-uhonorowano-nadaniem-nowego-sztandaru-dla-kg-psp-oraz-odslonieciem-sciany-pamieci-poleglych-strazakow<\/a><\/p>\n<p style=\"text-align: justify;\"><a href=\"http:\/\/kspnszz.org\/wp-content\/uploads\/2022\/07\/sztandar-kg.jpg\" data-rel=\"lightbox-image-1\" data-rl_title=\"\" data-rl_caption=\"\" title=\"\"><img loading=\"lazy\" decoding=\"async\" class=\"aligncenter  wp-image-4098\" src=\"http:\/\/kspnszz.org\/wp-content\/uploads\/2022\/07\/sztandar-kg.jpg\" alt=\"sztandar kg\" width=\"322\" height=\"136\" srcset=\"http:\/\/kspnszz.org\/wp-content\/uploads\/2022\/07\/sztandar-kg.jpg 729w, http:\/\/kspnszz.org\/wp-content\/uploads\/2022\/07\/sztandar-kg-300x127.jpg 300w\" sizes=\"(max-width: 322px) 100vw, 322px\" \/><\/a><\/p>\n<p style=\"text-align: justify;\"><a href=\"http:\/\/kspnszz.org\/wp-content\/uploads\/2022\/07\/sztandar-kg2.jpg\" data-rel=\"lightbox-image-2\" data-rl_title=\"\" data-rl_caption=\"\" title=\"\"><img loading=\"lazy\" decoding=\"async\" class=\"aligncenter  wp-image-4097\" src=\"http:\/\/kspnszz.org\/wp-content\/uploads\/2022\/07\/sztandar-kg2-1024x562.jpg\" alt=\"sztandar kg2\" width=\"324\" height=\"178\" srcset=\"http:\/\/kspnszz.org\/wp-content\/uploads\/2022\/07\/sztandar-kg2-1024x562.jpg 1024w, http:\/\/kspnszz.org\/wp-content\/uploads\/2022\/07\/sztandar-kg2-300x165.jpg 300w\" sizes=\"(max-width: 324px) 100vw, 324px\" \/><\/a><\/p>\n<p style=\"text-align: justify;\">2 lipca 2022 roku na Placu przy Centrum Jana Paw\u0142a II przy ul. Totus Tuus 34 w Krakowie odby\u0142a si\u0119 uroczysta promocja s\u0142uchaczy XXX Turnusu kszta\u0142cenia dziennego oraz XXXVIII i XXXIX Turnusu Kwalifikacyjnego Kursu Zawodowego. Szkol\u0119 Aspirant\u00f3w PSP w Krakowie w tym roku uko\u0144czy\u0142o 89 absolwent\u00f3w kszta\u0142cenia dziennego i 333 kwalifikacyjnych kurs\u00f3w zawodowych (w tym 15 spoza struktur Pa\u0144stwowej Stra\u017cy Po\u017carnej).<\/p>\n<p style=\"text-align: justify;\">W uroczysto\u015bci wzi\u0119li udzia\u0142 Wiceprzewodnicz\u0105cy Krajowej Sekcji Po\u017carnictwa NSZZ \u201eSolidarno\u015b\u0107\u201d Maciej \u0141ozowski oraz Przewodnicz\u0105cy Mi\u0119dzyregionalnej Ma\u0142opolskiej Sekcji Po\u017carnictwa\u00a0NSZZ \u201eSolidarno\u015b\u0107\u201d Henryk Odrzywo\u0142ek.<\/p>\n<p style=\"text-align: justify;\"><a href=\"https:\/\/sapsp.pl\/index.php\/pl_pl\/aktualnosci-3\/2145-promocja-absolwentow-2022\">https:\/\/sapsp.pl\/index.php\/pl_pl\/aktualnosci-3\/2145-promocja-absolwentow-2022<\/a><\/p>\n<p style=\"text-align: justify;\"><a href=\"http:\/\/kspnszz.org\/wp-content\/uploads\/2022\/07\/promocja_krak\u00f3w1.jpg\" data-rel=\"lightbox-image-3\" data-rl_title=\"\" data-rl_caption=\"\" title=\"\"><img loading=\"lazy\" decoding=\"async\" class=\"aligncenter  wp-image-4101\" src=\"http:\/\/kspnszz.org\/wp-content\/uploads\/2022\/07\/promocja_krak\u00f3w1.jpg\" alt=\"promocja_krak\u00f3w1\" width=\"259\" height=\"172\" srcset=\"http:\/\/kspnszz.org\/wp-content\/uploads\/2022\/07\/promocja_krak\u00f3w1.jpg 800w, http:\/\/kspnszz.org\/wp-content\/uploads\/2022\/07\/promocja_krak\u00f3w1-300x200.jpg 300w, http:\/\/kspnszz.org\/wp-content\/uploads\/2022\/07\/promocja_krak\u00f3w1-310x205.jpg 310w\" sizes=\"(max-width: 259px) 100vw, 259px\" \/><\/a><\/p>\n<p style=\"text-align: justify;\"><a href=\"http:\/\/kspnszz.org\/wp-content\/uploads\/2022\/07\/promocja_krak\u00f3w.jpg\" data-rel=\"lightbox-image-4\" data-rl_title=\"\" data-rl_caption=\"\" title=\"\"><img loading=\"lazy\" decoding=\"async\" class=\"aligncenter  wp-image-4102\" src=\"http:\/\/kspnszz.org\/wp-content\/uploads\/2022\/07\/promocja_krak\u00f3w.jpg\" alt=\"promocja_krak\u00f3w\" width=\"266\" height=\"177\" srcset=\"http:\/\/kspnszz.org\/wp-content\/uploads\/2022\/07\/promocja_krak\u00f3w.jpg 800w, http:\/\/kspnszz.org\/wp-content\/uploads\/2022\/07\/promocja_krak\u00f3w-300x200.jpg 300w, http:\/\/kspnszz.org\/wp-content\/uploads\/2022\/07\/promocja_krak\u00f3w-310x205.jpg 310w\" sizes=\"(max-width: 266px) 100vw, 266px\" \/><\/a><\/p>\n<p style=\"text-align: justify;\">W dniu 4 lipca 2022 roku w Szkole Aspirant\u00f3w Pa\u0144stwowej Stra\u017cy Po\u017carnej w Poznaniu odby\u0142a si\u0119 uroczysta promocja absolwent\u00f3w Dziennego Studium Aspirant\u00f3w Pa\u0144stwowej Stra\u017cy Po\u017carnej oraz Kwalifikacyjnych Kurs\u00f3w Zawodowych. \u0141\u0105cznie do promocji przyst\u0105pi\u0142o 406 s\u0142uchaczy SA PSP w Poznaniu z czego 84 osoby stanowili s\u0142uchacze DSA, a 322 osoby to s\u0142uchacze KKZ, w\u015br\u00f3d kt\u00f3rych 26 os\u00f3b to osoby spoza struktur PSP.<\/p>\n<p style=\"text-align: justify;\">W uroczysto\u015bci wzi\u0119li udzia\u0142 Cz\u0142onek Prezydium Krajowej Sekcji Po\u017carnictwa NSZZ \u201eSolidarno\u015b\u0107\u201d Mieczys\u0142aw Gutma\u0144ski oraz Przewodnicz\u0105cy Regionalnej Sekcji NSZZ \u201eSolidarno\u015b\u0107\u201d Po\u017carnictwa Wielkopolski\u00a0NSZZ \u201eSolidarno\u015b\u0107\u201d Bogumi\u0142 Go\u017adzik.<\/p>\n<p style=\"text-align: justify;\"><a href=\"https:\/\/www.sapsp.edu.pl\/aktualnosci\/uroczysta-promocja-absolwentow-szkoly-aspirantow-psp-w-poznaniu-1308\">https:\/\/www.sapsp.edu.pl\/aktualnosci\/uroczysta-promocja-absolwentow-szkoly-aspirantow-psp-w-poznaniu-1308<\/a><\/p>\n<p style=\"text-align: justify;\"><a href=\"http:\/\/kspnszz.org\/wp-content\/uploads\/2022\/07\/291746764_3282257498717119_6882227524480283867_n.jpg\" data-rel=\"lightbox-image-5\" data-rl_title=\"\" data-rl_caption=\"\" title=\"\"><img loading=\"lazy\" decoding=\"async\" class=\"aligncenter  wp-image-4096\" src=\"http:\/\/kspnszz.org\/wp-content\/uploads\/2022\/07\/291746764_3282257498717119_6882227524480283867_n-1024x473.jpg\" alt=\"291746764_3282257498717119_6882227524480283867_n\" width=\"327\" height=\"151\" srcset=\"http:\/\/kspnszz.org\/wp-content\/uploads\/2022\/07\/291746764_3282257498717119_6882227524480283867_n-1024x473.jpg 1024w, http:\/\/kspnszz.org\/wp-content\/uploads\/2022\/07\/291746764_3282257498717119_6882227524480283867_n-300x138.jpg 300w, http:\/\/kspnszz.org\/wp-content\/uploads\/2022\/07\/291746764_3282257498717119_6882227524480283867_n.jpg 1504w\" sizes=\"(max-width: 327px) 100vw, 327px\" \/><\/a><\/p>\n<p style=\"text-align: justify;\"><a href=\"http:\/\/kspnszz.org\/wp-content\/uploads\/2022\/07\/291929412_379999390892385_7990775007759858448_n.jpg\" data-rel=\"lightbox-image-6\" data-rl_title=\"\" data-rl_caption=\"\" title=\"\"><img loading=\"lazy\" decoding=\"async\" class=\"aligncenter  wp-image-4095\" src=\"http:\/\/kspnszz.org\/wp-content\/uploads\/2022\/07\/291929412_379999390892385_7990775007759858448_n-1024x768.jpg\" alt=\"291929412_379999390892385_7990775007759858448_n\" width=\"328\" height=\"246\" srcset=\"http:\/\/kspnszz.org\/wp-content\/uploads\/2022\/07\/291929412_379999390892385_7990775007759858448_n-1024x768.jpg 1024w, http:\/\/kspnszz.org\/wp-content\/uploads\/2022\/07\/291929412_379999390892385_7990775007759858448_n-300x225.jpg 300w, http:\/\/kspnszz.org\/wp-content\/uploads\/2022\/07\/291929412_379999390892385_7990775007759858448_n.jpg 1600w\" sizes=\"(max-width: 328px) 100vw, 328px\" \/><\/a><\/p>\n<p style=\"text-align: justify;\">Fot. KG PSP, SGSP, SA PSP Krak\u00f3w.<\/p>\n","protected":false},"excerpt":{"rendered":"<p>Prze\u0142om czerwca i lipca obfitowa\u0142 w szereg uroczysto\u015bci zwi\u0105zanych z funkcjonowaniem Pa\u0144stwowej Stra\u017cy Po\u017carnej. Udzia\u0142 w nich brali przedstawiciele Krajowej Sekcji Po\u017carnictwa NSZZ \u201eSolidarno\u015b\u0107\u201d. 28 czerwca 2022 r. wr\u0119czony\u00a0zosta\u0142 pierwszy w historii tytu\u0142 honorowy doktora honoris causa Szko\u0142y G\u0142\u00f3wnej S\u0142u\u017cby Po\u017carniczej\u00a0a otrzyma\u0142a go\u00a0Pani st. bryg. w st. spocz. prof. dr hab. Melania Pofit-Szczepa\u0144ska. Pani Profesor &hellip;<\/p>\n","protected":false},"author":2,"featured_media":4106,"comment_status":"closed","ping_status":"closed","sticky":false,"template":"","format":"standard","meta":{"footnotes":""},"categories":[2],"tags":[],"yoast_head":"<!-- This site is optimized with the Yoast SEO plugin v22.7 - https:\/\/yoast.com\/wordpress\/plugins\/seo\/ -->\n<title>Uroczysto\u015bci, uroczysto\u015bci, uroczysto\u015bci\u2026. - KSPNSZZ<\/title>\n<meta name=\"robots\" content=\"index, follow, max-snippet:-1, max-image-preview:large, max-video-preview:-1\" \/>\n<link rel=\"canonical\" href=\"http:\/\/kspnszz.org\/index.php\/2022\/07\/08\/uroczystosci-uroczystosci-uroczystosci\/\" \/>\n<meta property=\"og:locale\" content=\"pl_PL\" \/>\n<meta property=\"og:type\" content=\"article\" \/>\n<meta property=\"og:title\" content=\"Uroczysto\u015bci, uroczysto\u015bci, uroczysto\u015bci\u2026. - KSPNSZZ\" \/>\n<meta property=\"og:description\" content=\"Prze\u0142om czerwca i lipca obfitowa\u0142 w szereg uroczysto\u015bci zwi\u0105zanych z funkcjonowaniem Pa\u0144stwowej Stra\u017cy Po\u017carnej. Udzia\u0142 w nich brali przedstawiciele Krajowej Sekcji Po\u017carnictwa NSZZ \u201eSolidarno\u015b\u0107\u201d. 28 czerwca 2022 r. wr\u0119czony\u00a0zosta\u0142 pierwszy w historii tytu\u0142 honorowy doktora honoris causa Szko\u0142y G\u0142\u00f3wnej S\u0142u\u017cby Po\u017carniczej\u00a0a otrzyma\u0142a go\u00a0Pani st. bryg. w st. spocz. prof. dr hab. Melania Pofit-Szczepa\u0144ska. Pani Profesor &hellip;\" \/>\n<meta property=\"og:url\" content=\"http:\/\/kspnszz.org\/index.php\/2022\/07\/08\/uroczystosci-uroczystosci-uroczystosci\/\" \/>\n<meta property=\"og:site_name\" content=\"KSPNSZZ\" \/>\n<meta property=\"article:published_time\" content=\"2022-07-08T08:19:36+00:00\" \/>\n<meta property=\"og:image\" content=\"http:\/\/kspnszz.org\/wp-content\/uploads\/2022\/07\/sztandar-kg3-1024x576.jpg\" \/>\n\t<meta property=\"og:image:width\" content=\"1024\" \/>\n\t<meta property=\"og:image:height\" content=\"576\" \/>\n\t<meta property=\"og:image:type\" content=\"image\/jpeg\" \/>\n<meta name=\"author\" content=\"bartlomiej\" \/>\n<meta name=\"twitter:card\" content=\"summary_large_image\" \/>\n<meta name=\"twitter:label1\" content=\"Napisane przez\" \/>\n\t<meta name=\"twitter:data1\" content=\"bartlomiej\" \/>\n\t<meta name=\"twitter:label2\" content=\"Szacowany czas czytania\" \/>\n\t<meta name=\"twitter:data2\" content=\"2 minuty\" \/>\n<script type=\"application\/ld+json\" class=\"yoast-schema-graph\">{\"@context\":\"https:\/\/schema.org\",\"@graph\":[{\"@type\":\"WebPage\",\"@id\":\"http:\/\/kspnszz.org\/index.php\/2022\/07\/08\/uroczystosci-uroczystosci-uroczystosci\/\",\"url\":\"http:\/\/kspnszz.org\/index.php\/2022\/07\/08\/uroczystosci-uroczystosci-uroczystosci\/\",\"name\":\"Uroczysto\u015bci, uroczysto\u015bci, uroczysto\u015bci\u2026. - KSPNSZZ\",\"isPartOf\":{\"@id\":\"https:\/\/kspnszz.org\/#website\"},\"primaryImageOfPage\":{\"@id\":\"http:\/\/kspnszz.org\/index.php\/2022\/07\/08\/uroczystosci-uroczystosci-uroczystosci\/#primaryimage\"},\"image\":{\"@id\":\"http:\/\/kspnszz.org\/index.php\/2022\/07\/08\/uroczystosci-uroczystosci-uroczystosci\/#primaryimage\"},\"thumbnailUrl\":\"http:\/\/kspnszz.org\/wp-content\/uploads\/2022\/07\/sztandar-kg3.jpg\",\"datePublished\":\"2022-07-08T08:19:36+00:00\",\"dateModified\":\"2022-07-08T08:19:36+00:00\",\"author\":{\"@id\":\"https:\/\/kspnszz.org\/#\/schema\/person\/31096cf196f706ef50ecbd878903cc13\"},\"breadcrumb\":{\"@id\":\"http:\/\/kspnszz.org\/index.php\/2022\/07\/08\/uroczystosci-uroczystosci-uroczystosci\/#breadcrumb\"},\"inLanguage\":\"pl-PL\",\"potentialAction\":[{\"@type\":\"ReadAction\",\"target\":[\"http:\/\/kspnszz.org\/index.php\/2022\/07\/08\/uroczystosci-uroczystosci-uroczystosci\/\"]}]},{\"@type\":\"ImageObject\",\"inLanguage\":\"pl-PL\",\"@id\":\"http:\/\/kspnszz.org\/index.php\/2022\/07\/08\/uroczystosci-uroczystosci-uroczystosci\/#primaryimage\",\"url\":\"http:\/\/kspnszz.org\/wp-content\/uploads\/2022\/07\/sztandar-kg3.jpg\",\"contentUrl\":\"http:\/\/kspnszz.org\/wp-content\/uploads\/2022\/07\/sztandar-kg3.jpg\",\"width\":6240,\"height\":3512},{\"@type\":\"BreadcrumbList\",\"@id\":\"http:\/\/kspnszz.org\/index.php\/2022\/07\/08\/uroczystosci-uroczystosci-uroczystosci\/#breadcrumb\",\"itemListElement\":[{\"@type\":\"ListItem\",\"position\":1,\"name\":\"Strona g\u0142\u00f3wna\",\"item\":\"https:\/\/kspnszz.org\/\"},{\"@type\":\"ListItem\",\"position\":2,\"name\":\"Uroczysto\u015bci, uroczysto\u015bci, uroczysto\u015bci\u2026.\"}]},{\"@type\":\"WebSite\",\"@id\":\"https:\/\/kspnszz.org\/#website\",\"url\":\"https:\/\/kspnszz.org\/\",\"name\":\"KSPNSZZ\",\"description\":\"Krajowa Sekcja Po\u017carnictwa\",\"potentialAction\":[{\"@type\":\"SearchAction\",\"target\":{\"@type\":\"EntryPoint\",\"urlTemplate\":\"https:\/\/kspnszz.org\/?s={search_term_string}\"},\"query-input\":\"required name=search_term_string\"}],\"inLanguage\":\"pl-PL\"},{\"@type\":\"Person\",\"@id\":\"https:\/\/kspnszz.org\/#\/schema\/person\/31096cf196f706ef50ecbd878903cc13\",\"name\":\"bartlomiej\",\"image\":{\"@type\":\"ImageObject\",\"inLanguage\":\"pl-PL\",\"@id\":\"https:\/\/kspnszz.org\/#\/schema\/person\/image\/\",\"url\":\"http:\/\/0.gravatar.com\/avatar\/cb681656f150968eb94b73c62cf58e52?s=96&d=mm&r=g\",\"contentUrl\":\"http:\/\/0.gravatar.com\/avatar\/cb681656f150968eb94b73c62cf58e52?s=96&d=mm&r=g\",\"caption\":\"bartlomiej\"},\"url\":\"http:\/\/kspnszz.org\/index.php\/author\/bartlomiej\/\"}]}<\/script>\n<!-- \/ Yoast SEO plugin. -->","yoast_head_json":{"title":"Uroczysto\u015bci, uroczysto\u015bci, uroczysto\u015bci\u2026. - KSPNSZZ","robots":{"index":"index","follow":"follow","max-snippet":"max-snippet:-1","max-image-preview":"max-image-preview:large","max-video-preview":"max-video-preview:-1"},"canonical":"http:\/\/kspnszz.org\/index.php\/2022\/07\/08\/uroczystosci-uroczystosci-uroczystosci\/","og_locale":"pl_PL","og_type":"article","og_title":"Uroczysto\u015bci, uroczysto\u015bci, uroczysto\u015bci\u2026. - KSPNSZZ","og_description":"Prze\u0142om czerwca i lipca obfitowa\u0142 w szereg uroczysto\u015bci zwi\u0105zanych z funkcjonowaniem Pa\u0144stwowej Stra\u017cy Po\u017carnej. Udzia\u0142 w nich brali przedstawiciele Krajowej Sekcji Po\u017carnictwa NSZZ \u201eSolidarno\u015b\u0107\u201d. 28 czerwca 2022 r. wr\u0119czony\u00a0zosta\u0142 pierwszy w historii tytu\u0142 honorowy doktora honoris causa Szko\u0142y G\u0142\u00f3wnej S\u0142u\u017cby Po\u017carniczej\u00a0a otrzyma\u0142a go\u00a0Pani st. bryg. w st. spocz. prof. dr hab. Melania Pofit-Szczepa\u0144ska. Pani Profesor &hellip;","og_url":"http:\/\/kspnszz.org\/index.php\/2022\/07\/08\/uroczystosci-uroczystosci-uroczystosci\/","og_site_name":"KSPNSZZ","article_published_time":"2022-07-08T08:19:36+00:00","og_image":[{"width":1024,"height":576,"url":"http:\/\/kspnszz.org\/wp-content\/uploads\/2022\/07\/sztandar-kg3-1024x576.jpg","type":"image\/jpeg"}],"author":"bartlomiej","twitter_card":"summary_large_image","twitter_misc":{"Napisane przez":"bartlomiej","Szacowany czas czytania":"2 minuty"},"schema":{"@context":"https:\/\/schema.org","@graph":[{"@type":"WebPage","@id":"http:\/\/kspnszz.org\/index.php\/2022\/07\/08\/uroczystosci-uroczystosci-uroczystosci\/","url":"http:\/\/kspnszz.org\/index.php\/2022\/07\/08\/uroczystosci-uroczystosci-uroczystosci\/","name":"Uroczysto\u015bci, uroczysto\u015bci, uroczysto\u015bci\u2026. - KSPNSZZ","isPartOf":{"@id":"https:\/\/kspnszz.org\/#website"},"primaryImageOfPage":{"@id":"http:\/\/kspnszz.org\/index.php\/2022\/07\/08\/uroczystosci-uroczystosci-uroczystosci\/#primaryimage"},"image":{"@id":"http:\/\/kspnszz.org\/index.php\/2022\/07\/08\/uroczystosci-uroczystosci-uroczystosci\/#primaryimage"},"thumbnailUrl":"http:\/\/kspnszz.org\/wp-content\/uploads\/2022\/07\/sztandar-kg3.jpg","datePublished":"2022-07-08T08:19:36+00:00","dateModified":"2022-07-08T08:19:36+00:00","author":{"@id":"https:\/\/kspnszz.org\/#\/schema\/person\/31096cf196f706ef50ecbd878903cc13"},"breadcrumb":{"@id":"http:\/\/kspnszz.org\/index.php\/2022\/07\/08\/uroczystosci-uroczystosci-uroczystosci\/#breadcrumb"},"inLanguage":"pl-PL","potentialAction":[{"@type":"ReadAction","target":["http:\/\/kspnszz.org\/index.php\/2022\/07\/08\/uroczystosci-uroczystosci-uroczystosci\/"]}]},{"@type":"ImageObject","inLanguage":"pl-PL","@id":"http:\/\/kspnszz.org\/index.php\/2022\/07\/08\/uroczystosci-uroczystosci-uroczystosci\/#primaryimage","url":"http:\/\/kspnszz.org\/wp-content\/uploads\/2022\/07\/sztandar-kg3.jpg","contentUrl":"http:\/\/kspnszz.org\/wp-content\/uploads\/2022\/07\/sztandar-kg3.jpg","width":6240,"height":3512},{"@type":"BreadcrumbList","@id":"http:\/\/kspnszz.org\/index.php\/2022\/07\/08\/uroczystosci-uroczystosci-uroczystosci\/#breadcrumb","itemListElement":[{"@type":"ListItem","position":1,"name":"Strona g\u0142\u00f3wna","item":"https:\/\/kspnszz.org\/"},{"@type":"ListItem","position":2,"name":"Uroczysto\u015bci, uroczysto\u015bci, uroczysto\u015bci\u2026."}]},{"@type":"WebSite","@id":"https:\/\/kspnszz.org\/#website","url":"https:\/\/kspnszz.org\/","name":"KSPNSZZ","description":"Krajowa Sekcja Po\u017carnictwa","potentialAction":[{"@type":"SearchAction","target":{"@type":"EntryPoint","urlTemplate":"https:\/\/kspnszz.org\/?s={search_term_string}"},"query-input":"required name=search_term_string"}],"inLanguage":"pl-PL"},{"@type":"Person","@id":"https:\/\/kspnszz.org\/#\/schema\/person\/31096cf196f706ef50ecbd878903cc13","name":"bartlomiej","image":{"@type":"ImageObject","inLanguage":"pl-PL","@id":"https:\/\/kspnszz.org\/#\/schema\/person\/image\/","url":"http:\/\/0.gravatar.com\/avatar\/cb681656f150968eb94b73c62cf58e52?s=96&d=mm&r=g","contentUrl":"http:\/\/0.gravatar.com\/avatar\/cb681656f150968eb94b73c62cf58e52?s=96&d=mm&r=g","caption":"bartlomiej"},"url":"http:\/\/kspnszz.org\/index.php\/author\/bartlomiej\/"}]}},"_links":{"self":[{"href":"http:\/\/kspnszz.org\/index.php\/wp-json\/wp\/v2\/posts\/4103"}],"collection":[{"href":"http:\/\/kspnszz.org\/index.php\/wp-json\/wp\/v2\/posts"}],"about":[{"href":"http:\/\/kspnszz.org\/index.php\/wp-json\/wp\/v2\/types\/post"}],"author":[{"embeddable":true,"href":"http:\/\/kspnszz.org\/index.php\/wp-json\/wp\/v2\/users\/2"}],"replies":[{"embeddable":true,"href":"http:\/\/kspnszz.org\/index.php\/wp-json\/wp\/v2\/comments?post=4103"}],"version-history":[{"count":3,"href":"http:\/\/kspnszz.org\/index.php\/wp-json\/wp\/v2\/posts\/4103\/revisions"}],"predecessor-version":[{"id":4107,"href":"http:\/\/kspnszz.org\/index.php\/wp-json\/wp\/v2\/posts\/4103\/revisions\/4107"}],"wp:featuredmedia":[{"embeddable":true,"href":"http:\/\/kspnszz.org\/index.php\/wp-json\/wp\/v2\/media\/4106"}],"wp:attachment":[{"href":"http:\/\/kspnszz.org\/index.php\/wp-json\/wp\/v2\/media?parent=4103"}],"wp:term":[{"taxonomy":"category","embeddable":true,"href":"http:\/\/kspnszz.org\/index.php\/wp-json\/wp\/v2\/categories?post=4103"},{"taxonomy":"post_tag","embeddable":true,"href":"http:\/\/kspnszz.org\/index.php\/wp-json\/wp\/v2\/tags?post=4103"}],"curies":[{"name":"wp","href":"https:\/\/api.w.org\/{rel}","templated":true}]}}