{"id":1380,"date":"2016-09-13T15:30:15","date_gmt":"2016-09-13T13:30:15","guid":{"rendered":"http:\/\/kspnszz.org\/?p=1380"},"modified":"2016-12-05T14:06:27","modified_gmt":"2016-12-05T13:06:27","slug":"komunikat-z-posiedzenia-podzespolu-ds-sluzb-mundurowych-przy-radzie-dialogu-spolecznego","status":"publish","type":"post","link":"http:\/\/kspnszz.org\/index.php\/2016\/09\/13\/komunikat-z-posiedzenia-podzespolu-ds-sluzb-mundurowych-przy-radzie-dialogu-spolecznego\/","title":{"rendered":"Komunikat z posiedzenia Podzespo\u0142u ds. s\u0142u\u017cb mundurowych przy Radzie Dialogu Spo\u0142ecznego"},"content":{"rendered":"<p>W dniu 8 wrze\u015bnia 2016 r. w Centrum Partnerstwa Spo\u0142ecznego \u201eDialog\u201d odby\u0142o si\u0119 posiedzenie Podzespo\u0142u problemowego ds. s\u0142u\u017cb mundurowych Rady Dialogu Spo\u0142ecznego pod przewodnictwem Mariusza Tyla. W spotkaniu opr\u00f3cz statutowych cz\u0142onk\u00f3w Podzespo\u0142u, strona rz\u0105dowa reprezentowana by\u0142a przez Jaros\u0142awa Zieli\u0144skiego \u2013 Sekretarza Stanu w Ministerstwie Spraw Wewn\u0119trznych i Administracji. NSZZ SOLIDARNO\u015a\u0106 reprezentowa\u0142 Bart\u0142omiej Mickiewicz.<\/p>\n<p>Porz\u0105dek posiedzenia przedstawia\u0142 si\u0119 nast\u0119puj\u0105co:<\/p>\n<ol>\n<li>Informacja o przyj\u0119tych zasadach funkcjonowania prac podzespo\u0142u ds. s\u0142u\u017cb mundurowych przy Zespole Problemowym ds. us\u0142ug publicznych.<\/li>\n<li>Informacja Ministerstwa Spraw Wewn\u0119trznych i Administracji na temat oceny organizacji i zabezpieczenia \u015awiatowych Dni M\u0142odzie\u017cy oraz szczytu NATO pod wzgl\u0119dem:\n<ol>\n<li>liczby funkcjonariuszy;<\/li>\n<li>wykonywanych zada\u0144;<\/li>\n<li>nadgodzin i sposobu rozliczenia;<\/li>\n<li>nagr\u00f3d, wyr\u00f3\u017cnie\u0144.<\/li>\n<li>Informacja Ministerstwa Spraw Wewn\u0119trznych i Administracji na temat art. 15 \u201ea\u201d.<\/li>\n<li>Dyskusja na temat projektu ustawy modernizacyjnej na lata 2017-2020 \u2013 stopie\u0144 zaawansowania prac, mo\u017cliwo\u015bci zmiany jej kszta\u0142tu i wysoko\u015bci zaproponowanych kwot itp. <em>(dwie ustawy Ministerstwa Spraw Wewn\u0119trznych i Administracji oraz \u00a0\u00a0\u00a0\u00a0\u00a0\u00a0\u00a0 Ministerstwa Sprawiedliwo\u015bci).<\/em><\/li>\n<\/ol>\n<\/li>\n<\/ol>\n<p><em>\u00a0<\/em><\/p>\n<p>Spotkanie rozpocz\u0119to od przyj\u0119cia przez Podzesp\u00f3\u0142, na podstawie wcze\u015bniej rozes\u0142anych cz\u0142onkom Podzespo\u0142u zasad funkcjonowania prac podzespo\u0142u problemowego ds. s\u0142u\u017cb mundurowych przy Zespole problemowym ds. us\u0142ug publicznych RDS.<\/p>\n<p>Nast\u0119pnie przyst\u0105piono do dyskusji nad pkt 2 porz\u0105dku obrad czyli informacji Ministerstwa Spraw Wewn\u0119trznych i Administracji na temat oceny organizacji i zabezpieczenia \u015awiatowych Dni M\u0142odzie\u017cy oraz szczytu NATO pod wzgl\u0119dem: liczby funkcjonariuszy, wykonywanych zada\u0144, nadgodzin i sposobu rozliczenia oraz nagr\u00f3d i wyr\u00f3\u017cnie\u0144.<\/p>\n<p>Wiceminister Jaros\u0142aw Zieli\u0144ski powiedzia\u0142, \u017ce najlepsz\u0105 ocen\u0105, jak zosta\u0142y zorganizowane \u015awiatowe Dni M\u0142odzie\u017cy oraz Szczyt NATO jest to, \u017ce by\u0142o bezpiecznie. Doda\u0142, \u017ce najwi\u0119kszym dowodem tego jest aplauz jaki spotyka\u0142 naszych funkcjonariuszy na ulicach m.in. Krakowa. Nast\u0119pnie podkre\u015bli\u0142 zaanga\u017cowanie funkcjonariuszy Policji, Pa\u0144stwowej Stra\u017cy Po\u017carnej, Biura Ochrony Rz\u0105du i Stra\u017cy Granicznej, S\u0142u\u017cby Celnej oraz wszystkich innych s\u0142u\u017cb, kt\u00f3rzy dbali o bezpiecze\u0144stwo podczas szczytu NATO i \u015aDM.<\/p>\n<p>Ponadto, Jaros\u0142aw Zieli\u0144ski, wiceszef resortu spraw wewn\u0119trznych i administracji poinformowa\u0142, \u017ce wyp\u0142acane s\u0105 rekompensaty za ponadnormatywny czas pracy oraz zosta\u0142y przekazane nagrody tym, kt\u00f3rzy byli zaanga\u017cowani w zabezpieczenie \u015aDM i Szczyt NATO, nie tylko kadrze dow\u00f3dczej, ale r\u00f3wnie\u017c pozosta\u0142ym funkcjonariuszom.<\/p>\n<p>Nast\u0119pnie je\u017celi chodzi wyp\u0142aty funkcjonariuszom zrycza\u0142towanego ekwiwalentu pieni\u0119\u017cnego za ponadnormatywny czas s\u0142u\u017cby \u2013 W\u0142adys\u0142aw Budze\u0144, Dyrektor Departamentu Bud\u017cetu w MSWiA poinformowa\u0142, i\u017c na ten cel przeznaczono ok.10 mln z\u0142.<\/p>\n<p>Je\u017celi chodzi o ustaw\u0119 modernizacyjn\u0105 W\u0142adys\u0142aw Budze\u0144, Dyrektor Departamentu Bud\u017cetu w MSWiA powiedzia\u0142, \u017ce ostateczne decyzje zapadn\u0105 na wrze\u015bniowym posiedzeniu Rady Ministr\u00f3w. Pan Dyrektor poinformowa\u0142 , i\u017c na t\u0105 chwil\u0119 w bud\u017cecie s\u0105 \u015brodki na wzrost uposa\u017ce\u0144 o 1,3 % z tytu\u0142u planowanego wzrostu wska\u017anika cent towar\u00f3w i us\u0142ug. Oznacza to \u017ce przeci\u0119tna podwy\u017cka od 1 stycznia 2017r. dla funkcjonariusza to jest ok. 55 z\u0142., dla pracownika ok. 40 z\u0142.<\/p>\n<p>Z dodatkowych ustale\u0144 co do \u015brodk\u00f3w dla S\u0142u\u017cb na 2017 rok Pan Dyrektor poinformowa\u0142, \u017ce istnieje koncepcja Ministerstwa Finans\u00f3w aby od pa\u017adziernika 2017 roku podwy\u017cka dla s\u0142u\u017cb wynosi\u0142a \u015brednio 200 PLN wliczaj\u0105c w t\u0119 kwot\u0119 \u015brodki na obligatoryjn\u0105 waloryzacj\u0119 uposa\u017ce\u0144.<\/p>\n<p>Taka sytuacja ma miejsce na tym etapie kszta\u0142towanie bud\u017cetu na 2017 rok nie mniej jednak MSWiA nie zaprzestaje swoich dzia\u0142a\u0144 maj\u0105cych na celu zabezpieczenie \u015brodk\u00f3w w ustawie bud\u017cetowej na zapis\u00f3w zawarte w projekcie ustawy modernizacyjnej s\u0142u\u017cb mundurowych i liczy tu na wsparcie zwi\u0105zk\u00f3w zawodowych dzia\u0142aj\u0105cych w tych s\u0142u\u017cbach.<\/p>\n<p>Kolejny punkt spotkania by\u0142 po\u015bwi\u0119cony art. 15 \u201ea\u201d Ustawy o Zaopatrzeniu emerytalnym funkcjonariuszy. Informacj\u0119 na ten temat przedstawi\u0142a przedstawicielka Zak\u0142adu Emerytalno-Rentowego MSW. Poinformowa\u0142a, \u017ce przychylaj\u0105c si\u0119 do postulat\u00f3w zg\u0142aszanych przez funkcjonariuszy, przyj\u0119tych do s\u0142u\u017cby po raz pierwszy po dniu 1 stycznia 1999 r. proponuje si\u0119 dokonanie nowelizacji art. 15a ustawy o zaopatrzeniu emerytalnym maj\u0105cej na celu umo\u017cliwienie tym funkcjonariuszom doliczania okres\u00f3w pracy do wys\u0142ugi emerytalnej, wed\u0142ug nast\u0119puj\u0105cych regu\u0142:<\/p>\n<ol>\n<li>doliczanie tych samych okres\u00f3w i w takim samym wymiarze procentowym do podstawy wymiaru emerytury, w jakim mog\u0105 sobie dolicza\u0107 je funkcjonariusze, przyj\u0119ci do s\u0142u\u017cby po raz pierwszy przed dniem 1 stycznia 1999 r.,<\/li>\n<li>okresy pracy b\u0119d\u0105 doliczane na wniosek funkcjonariusza, je\u017celi jego emerytura b\u0119dzie wynosi\u0142a mniej ni\u017c 75% podstawy jej wymiaru:<\/li>\n<li>po osi\u0105gni\u0119ciu przez niego 55 lat<\/li>\n<\/ol>\n<p>lub<\/p>\n<ol>\n<li>je\u017celi b\u0119dzie posiada\u0142 co najmniej 20 lat s\u0142u\u017cby.<\/li>\n<\/ol>\n<p>Wskazany warunek posiadania 20 lat s\u0142u\u017cby ma zach\u0119ci\u0107 funkcjonariuszy do d\u0142u\u017cszego pozostania w s\u0142u\u017cbie.<\/p>\n<p>Przedstawiona propozycja nie uwzgl\u0119dnia mo\u017cliwo\u015bci doliczania do wys\u0142ugi emerytalnej okres\u00f3w pracy funkcjonariuszowi (emerytowi policyjnemu), kt\u00f3ry nie osi\u0105gn\u0105\u0142 jeszcze wieku 55 lat lub nie posiada co najmniej 20 lat s\u0142u\u017cby, ale sta\u0142 si\u0119 inwalid\u0105 (ma ustalone prawo do policyjnej renty inwalidzkiej).<\/p>\n<p>Zauwa\u017cono r\u00f3wnie\u017c, \u017ce dzia\u0142anie prowadzone od wielu lat przez zwi\u0105zki zawodowe s\u0142u\u017cb mundurowych daj\u0105 wymierne korzy\u015bci dla funkcjonariusz i pozwol\u0105 naprawi\u0107 t\u0119 sytuacj\u0119.<\/p>\n<p>&nbsp;<\/p>\n<div id='gallery-1' class='gallery galleryid-1380 gallery-columns-3 gallery-size-thumbnail'><figure class='gallery-item'>\n\t\t\t<div class='gallery-icon landscape'>\n\t\t\t\t<a href='http:\/\/kspnszz.org\/wp-content\/uploads\/2016\/09\/IMG_6985.jpg' title=\"\" data-rl_title=\"\" class=\"rl-gallery-link\" data-rl_caption=\"\" data-rel=\"lightbox-gallery-1\"><img loading=\"lazy\" decoding=\"async\" width=\"150\" height=\"150\" src=\"http:\/\/kspnszz.org\/wp-content\/uploads\/2016\/09\/IMG_6985-150x150.jpg\" class=\"attachment-thumbnail size-thumbnail\" alt=\"\" \/><\/a>\n\t\t\t<\/div><\/figure><figure class='gallery-item'>\n\t\t\t<div class='gallery-icon landscape'>\n\t\t\t\t<a href='http:\/\/kspnszz.org\/wp-content\/uploads\/2016\/09\/IMG_6984.jpg' title=\"\" data-rl_title=\"\" class=\"rl-gallery-link\" data-rl_caption=\"\" data-rel=\"lightbox-gallery-1\"><img loading=\"lazy\" decoding=\"async\" width=\"150\" height=\"150\" src=\"http:\/\/kspnszz.org\/wp-content\/uploads\/2016\/09\/IMG_6984-150x150.jpg\" class=\"attachment-thumbnail size-thumbnail\" alt=\"\" \/><\/a>\n\t\t\t<\/div><\/figure><figure class='gallery-item'>\n\t\t\t<div class='gallery-icon landscape'>\n\t\t\t\t<a href='http:\/\/kspnszz.org\/wp-content\/uploads\/2016\/09\/IMG_6992.jpg' title=\"\" data-rl_title=\"\" class=\"rl-gallery-link\" data-rl_caption=\"\" data-rel=\"lightbox-gallery-1\"><img loading=\"lazy\" decoding=\"async\" width=\"150\" height=\"150\" src=\"http:\/\/kspnszz.org\/wp-content\/uploads\/2016\/09\/IMG_6992-150x150.jpg\" class=\"attachment-thumbnail size-thumbnail\" alt=\"\" \/><\/a>\n\t\t\t<\/div><\/figure><figure class='gallery-item'>\n\t\t\t<div class='gallery-icon landscape'>\n\t\t\t\t<a href='http:\/\/kspnszz.org\/wp-content\/uploads\/2016\/09\/IMG_6989.jpg' title=\"\" data-rl_title=\"\" class=\"rl-gallery-link\" data-rl_caption=\"\" data-rel=\"lightbox-gallery-1\"><img loading=\"lazy\" decoding=\"async\" width=\"150\" height=\"150\" src=\"http:\/\/kspnszz.org\/wp-content\/uploads\/2016\/09\/IMG_6989-150x150.jpg\" class=\"attachment-thumbnail size-thumbnail\" alt=\"\" \/><\/a>\n\t\t\t<\/div><\/figure>\n\t\t<\/div>\n\n","protected":false},"excerpt":{"rendered":"<p>W dniu 8 wrze\u015bnia 2016 r. w Centrum Partnerstwa Spo\u0142ecznego \u201eDialog\u201d odby\u0142o si\u0119 posiedzenie Podzespo\u0142u problemowego ds. s\u0142u\u017cb mundurowych Rady Dialogu Spo\u0142ecznego pod przewodnictwem Mariusza Tyla. W spotkaniu opr\u00f3cz statutowych cz\u0142onk\u00f3w Podzespo\u0142u, strona rz\u0105dowa reprezentowana by\u0142a przez Jaros\u0142awa Zieli\u0144skiego \u2013 Sekretarza Stanu w Ministerstwie Spraw Wewn\u0119trznych i Administracji. NSZZ SOLIDARNO\u015a\u0106 reprezentowa\u0142 Bart\u0142omiej Mickiewicz. Porz\u0105dek posiedzenia &hellip;<\/p>\n","protected":false},"author":2,"featured_media":1377,"comment_status":"closed","ping_status":"closed","sticky":false,"template":"","format":"standard","meta":{"footnotes":""},"categories":[2,3],"tags":[49],"yoast_head":"<!-- This site is optimized with the Yoast SEO plugin v22.7 - https:\/\/yoast.com\/wordpress\/plugins\/seo\/ -->\n<title>Komunikat z posiedzenia Podzespo\u0142u ds. s\u0142u\u017cb mundurowych przy Radzie Dialogu Spo\u0142ecznego - KSPNSZZ<\/title>\n<meta name=\"robots\" content=\"index, follow, max-snippet:-1, max-image-preview:large, max-video-preview:-1\" \/>\n<link rel=\"canonical\" href=\"http:\/\/kspnszz.org\/index.php\/2016\/09\/13\/komunikat-z-posiedzenia-podzespolu-ds-sluzb-mundurowych-przy-radzie-dialogu-spolecznego\/\" \/>\n<meta property=\"og:locale\" content=\"pl_PL\" \/>\n<meta property=\"og:type\" content=\"article\" \/>\n<meta property=\"og:title\" content=\"Komunikat z posiedzenia Podzespo\u0142u ds. s\u0142u\u017cb mundurowych przy Radzie Dialogu Spo\u0142ecznego - KSPNSZZ\" \/>\n<meta property=\"og:description\" content=\"W dniu 8 wrze\u015bnia 2016 r. w Centrum Partnerstwa Spo\u0142ecznego \u201eDialog\u201d odby\u0142o si\u0119 posiedzenie Podzespo\u0142u problemowego ds. s\u0142u\u017cb mundurowych Rady Dialogu Spo\u0142ecznego pod przewodnictwem Mariusza Tyla. W spotkaniu opr\u00f3cz statutowych cz\u0142onk\u00f3w Podzespo\u0142u, strona rz\u0105dowa reprezentowana by\u0142a przez Jaros\u0142awa Zieli\u0144skiego \u2013 Sekretarza Stanu w Ministerstwie Spraw Wewn\u0119trznych i Administracji. NSZZ SOLIDARNO\u015a\u0106 reprezentowa\u0142 Bart\u0142omiej Mickiewicz. Porz\u0105dek posiedzenia &hellip;\" \/>\n<meta property=\"og:url\" content=\"http:\/\/kspnszz.org\/index.php\/2016\/09\/13\/komunikat-z-posiedzenia-podzespolu-ds-sluzb-mundurowych-przy-radzie-dialogu-spolecznego\/\" \/>\n<meta property=\"og:site_name\" content=\"KSPNSZZ\" \/>\n<meta property=\"article:published_time\" content=\"2016-09-13T13:30:15+00:00\" \/>\n<meta property=\"article:modified_time\" content=\"2016-12-05T13:06:27+00:00\" \/>\n<meta property=\"og:image\" content=\"http:\/\/kspnszz.org\/wp-content\/uploads\/2016\/09\/IMG_6992-1024x683.jpg\" \/>\n\t<meta property=\"og:image:width\" content=\"1024\" \/>\n\t<meta property=\"og:image:height\" content=\"683\" \/>\n\t<meta property=\"og:image:type\" content=\"image\/jpeg\" \/>\n<meta name=\"author\" content=\"bartlomiej\" \/>\n<meta name=\"twitter:card\" content=\"summary_large_image\" \/>\n<meta name=\"twitter:label1\" content=\"Napisane przez\" \/>\n\t<meta name=\"twitter:data1\" content=\"bartlomiej\" \/>\n\t<meta name=\"twitter:label2\" content=\"Szacowany czas czytania\" \/>\n\t<meta name=\"twitter:data2\" content=\"4 minuty\" \/>\n<script type=\"application\/ld+json\" class=\"yoast-schema-graph\">{\"@context\":\"https:\/\/schema.org\",\"@graph\":[{\"@type\":\"WebPage\",\"@id\":\"http:\/\/kspnszz.org\/index.php\/2016\/09\/13\/komunikat-z-posiedzenia-podzespolu-ds-sluzb-mundurowych-przy-radzie-dialogu-spolecznego\/\",\"url\":\"http:\/\/kspnszz.org\/index.php\/2016\/09\/13\/komunikat-z-posiedzenia-podzespolu-ds-sluzb-mundurowych-przy-radzie-dialogu-spolecznego\/\",\"name\":\"Komunikat z posiedzenia Podzespo\u0142u ds. s\u0142u\u017cb mundurowych przy Radzie Dialogu Spo\u0142ecznego - KSPNSZZ\",\"isPartOf\":{\"@id\":\"http:\/\/kspnszz.org\/#website\"},\"primaryImageOfPage\":{\"@id\":\"http:\/\/kspnszz.org\/index.php\/2016\/09\/13\/komunikat-z-posiedzenia-podzespolu-ds-sluzb-mundurowych-przy-radzie-dialogu-spolecznego\/#primaryimage\"},\"image\":{\"@id\":\"http:\/\/kspnszz.org\/index.php\/2016\/09\/13\/komunikat-z-posiedzenia-podzespolu-ds-sluzb-mundurowych-przy-radzie-dialogu-spolecznego\/#primaryimage\"},\"thumbnailUrl\":\"http:\/\/kspnszz.org\/wp-content\/uploads\/2016\/09\/IMG_6992.jpg\",\"datePublished\":\"2016-09-13T13:30:15+00:00\",\"dateModified\":\"2016-12-05T13:06:27+00:00\",\"author\":{\"@id\":\"http:\/\/kspnszz.org\/#\/schema\/person\/31096cf196f706ef50ecbd878903cc13\"},\"breadcrumb\":{\"@id\":\"http:\/\/kspnszz.org\/index.php\/2016\/09\/13\/komunikat-z-posiedzenia-podzespolu-ds-sluzb-mundurowych-przy-radzie-dialogu-spolecznego\/#breadcrumb\"},\"inLanguage\":\"pl-PL\",\"potentialAction\":[{\"@type\":\"ReadAction\",\"target\":[\"http:\/\/kspnszz.org\/index.php\/2016\/09\/13\/komunikat-z-posiedzenia-podzespolu-ds-sluzb-mundurowych-przy-radzie-dialogu-spolecznego\/\"]}]},{\"@type\":\"ImageObject\",\"inLanguage\":\"pl-PL\",\"@id\":\"http:\/\/kspnszz.org\/index.php\/2016\/09\/13\/komunikat-z-posiedzenia-podzespolu-ds-sluzb-mundurowych-przy-radzie-dialogu-spolecznego\/#primaryimage\",\"url\":\"http:\/\/kspnszz.org\/wp-content\/uploads\/2016\/09\/IMG_6992.jpg\",\"contentUrl\":\"http:\/\/kspnszz.org\/wp-content\/uploads\/2016\/09\/IMG_6992.jpg\",\"width\":4272,\"height\":2848},{\"@type\":\"BreadcrumbList\",\"@id\":\"http:\/\/kspnszz.org\/index.php\/2016\/09\/13\/komunikat-z-posiedzenia-podzespolu-ds-sluzb-mundurowych-przy-radzie-dialogu-spolecznego\/#breadcrumb\",\"itemListElement\":[{\"@type\":\"ListItem\",\"position\":1,\"name\":\"Strona g\u0142\u00f3wna\",\"item\":\"http:\/\/kspnszz.org\/\"},{\"@type\":\"ListItem\",\"position\":2,\"name\":\"Komunikat z posiedzenia Podzespo\u0142u ds. s\u0142u\u017cb mundurowych przy Radzie Dialogu Spo\u0142ecznego\"}]},{\"@type\":\"WebSite\",\"@id\":\"http:\/\/kspnszz.org\/#website\",\"url\":\"http:\/\/kspnszz.org\/\",\"name\":\"KSPNSZZ\",\"description\":\"Krajowa Sekcja Po\u017carnictwa\",\"potentialAction\":[{\"@type\":\"SearchAction\",\"target\":{\"@type\":\"EntryPoint\",\"urlTemplate\":\"http:\/\/kspnszz.org\/?s={search_term_string}\"},\"query-input\":\"required name=search_term_string\"}],\"inLanguage\":\"pl-PL\"},{\"@type\":\"Person\",\"@id\":\"http:\/\/kspnszz.org\/#\/schema\/person\/31096cf196f706ef50ecbd878903cc13\",\"name\":\"bartlomiej\",\"image\":{\"@type\":\"ImageObject\",\"inLanguage\":\"pl-PL\",\"@id\":\"http:\/\/kspnszz.org\/#\/schema\/person\/image\/\",\"url\":\"http:\/\/0.gravatar.com\/avatar\/cb681656f150968eb94b73c62cf58e52?s=96&d=mm&r=g\",\"contentUrl\":\"http:\/\/0.gravatar.com\/avatar\/cb681656f150968eb94b73c62cf58e52?s=96&d=mm&r=g\",\"caption\":\"bartlomiej\"},\"url\":\"http:\/\/kspnszz.org\/index.php\/author\/bartlomiej\/\"}]}<\/script>\n<!-- \/ Yoast SEO plugin. -->","yoast_head_json":{"title":"Komunikat z posiedzenia Podzespo\u0142u ds. s\u0142u\u017cb mundurowych przy Radzie Dialogu Spo\u0142ecznego - KSPNSZZ","robots":{"index":"index","follow":"follow","max-snippet":"max-snippet:-1","max-image-preview":"max-image-preview:large","max-video-preview":"max-video-preview:-1"},"canonical":"http:\/\/kspnszz.org\/index.php\/2016\/09\/13\/komunikat-z-posiedzenia-podzespolu-ds-sluzb-mundurowych-przy-radzie-dialogu-spolecznego\/","og_locale":"pl_PL","og_type":"article","og_title":"Komunikat z posiedzenia Podzespo\u0142u ds. s\u0142u\u017cb mundurowych przy Radzie Dialogu Spo\u0142ecznego - KSPNSZZ","og_description":"W dniu 8 wrze\u015bnia 2016 r. w Centrum Partnerstwa Spo\u0142ecznego \u201eDialog\u201d odby\u0142o si\u0119 posiedzenie Podzespo\u0142u problemowego ds. s\u0142u\u017cb mundurowych Rady Dialogu Spo\u0142ecznego pod przewodnictwem Mariusza Tyla. W spotkaniu opr\u00f3cz statutowych cz\u0142onk\u00f3w Podzespo\u0142u, strona rz\u0105dowa reprezentowana by\u0142a przez Jaros\u0142awa Zieli\u0144skiego \u2013 Sekretarza Stanu w Ministerstwie Spraw Wewn\u0119trznych i Administracji. NSZZ SOLIDARNO\u015a\u0106 reprezentowa\u0142 Bart\u0142omiej Mickiewicz. Porz\u0105dek posiedzenia &hellip;","og_url":"http:\/\/kspnszz.org\/index.php\/2016\/09\/13\/komunikat-z-posiedzenia-podzespolu-ds-sluzb-mundurowych-przy-radzie-dialogu-spolecznego\/","og_site_name":"KSPNSZZ","article_published_time":"2016-09-13T13:30:15+00:00","article_modified_time":"2016-12-05T13:06:27+00:00","og_image":[{"width":1024,"height":683,"url":"http:\/\/kspnszz.org\/wp-content\/uploads\/2016\/09\/IMG_6992-1024x683.jpg","type":"image\/jpeg"}],"author":"bartlomiej","twitter_card":"summary_large_image","twitter_misc":{"Napisane przez":"bartlomiej","Szacowany czas czytania":"4 minuty"},"schema":{"@context":"https:\/\/schema.org","@graph":[{"@type":"WebPage","@id":"http:\/\/kspnszz.org\/index.php\/2016\/09\/13\/komunikat-z-posiedzenia-podzespolu-ds-sluzb-mundurowych-przy-radzie-dialogu-spolecznego\/","url":"http:\/\/kspnszz.org\/index.php\/2016\/09\/13\/komunikat-z-posiedzenia-podzespolu-ds-sluzb-mundurowych-przy-radzie-dialogu-spolecznego\/","name":"Komunikat z posiedzenia Podzespo\u0142u ds. s\u0142u\u017cb mundurowych przy Radzie Dialogu Spo\u0142ecznego - KSPNSZZ","isPartOf":{"@id":"http:\/\/kspnszz.org\/#website"},"primaryImageOfPage":{"@id":"http:\/\/kspnszz.org\/index.php\/2016\/09\/13\/komunikat-z-posiedzenia-podzespolu-ds-sluzb-mundurowych-przy-radzie-dialogu-spolecznego\/#primaryimage"},"image":{"@id":"http:\/\/kspnszz.org\/index.php\/2016\/09\/13\/komunikat-z-posiedzenia-podzespolu-ds-sluzb-mundurowych-przy-radzie-dialogu-spolecznego\/#primaryimage"},"thumbnailUrl":"http:\/\/kspnszz.org\/wp-content\/uploads\/2016\/09\/IMG_6992.jpg","datePublished":"2016-09-13T13:30:15+00:00","dateModified":"2016-12-05T13:06:27+00:00","author":{"@id":"http:\/\/kspnszz.org\/#\/schema\/person\/31096cf196f706ef50ecbd878903cc13"},"breadcrumb":{"@id":"http:\/\/kspnszz.org\/index.php\/2016\/09\/13\/komunikat-z-posiedzenia-podzespolu-ds-sluzb-mundurowych-przy-radzie-dialogu-spolecznego\/#breadcrumb"},"inLanguage":"pl-PL","potentialAction":[{"@type":"ReadAction","target":["http:\/\/kspnszz.org\/index.php\/2016\/09\/13\/komunikat-z-posiedzenia-podzespolu-ds-sluzb-mundurowych-przy-radzie-dialogu-spolecznego\/"]}]},{"@type":"ImageObject","inLanguage":"pl-PL","@id":"http:\/\/kspnszz.org\/index.php\/2016\/09\/13\/komunikat-z-posiedzenia-podzespolu-ds-sluzb-mundurowych-przy-radzie-dialogu-spolecznego\/#primaryimage","url":"http:\/\/kspnszz.org\/wp-content\/uploads\/2016\/09\/IMG_6992.jpg","contentUrl":"http:\/\/kspnszz.org\/wp-content\/uploads\/2016\/09\/IMG_6992.jpg","width":4272,"height":2848},{"@type":"BreadcrumbList","@id":"http:\/\/kspnszz.org\/index.php\/2016\/09\/13\/komunikat-z-posiedzenia-podzespolu-ds-sluzb-mundurowych-przy-radzie-dialogu-spolecznego\/#breadcrumb","itemListElement":[{"@type":"ListItem","position":1,"name":"Strona g\u0142\u00f3wna","item":"http:\/\/kspnszz.org\/"},{"@type":"ListItem","position":2,"name":"Komunikat z posiedzenia Podzespo\u0142u ds. s\u0142u\u017cb mundurowych przy Radzie Dialogu Spo\u0142ecznego"}]},{"@type":"WebSite","@id":"http:\/\/kspnszz.org\/#website","url":"http:\/\/kspnszz.org\/","name":"KSPNSZZ","description":"Krajowa Sekcja Po\u017carnictwa","potentialAction":[{"@type":"SearchAction","target":{"@type":"EntryPoint","urlTemplate":"http:\/\/kspnszz.org\/?s={search_term_string}"},"query-input":"required name=search_term_string"}],"inLanguage":"pl-PL"},{"@type":"Person","@id":"http:\/\/kspnszz.org\/#\/schema\/person\/31096cf196f706ef50ecbd878903cc13","name":"bartlomiej","image":{"@type":"ImageObject","inLanguage":"pl-PL","@id":"http:\/\/kspnszz.org\/#\/schema\/person\/image\/","url":"http:\/\/0.gravatar.com\/avatar\/cb681656f150968eb94b73c62cf58e52?s=96&d=mm&r=g","contentUrl":"http:\/\/0.gravatar.com\/avatar\/cb681656f150968eb94b73c62cf58e52?s=96&d=mm&r=g","caption":"bartlomiej"},"url":"http:\/\/kspnszz.org\/index.php\/author\/bartlomiej\/"}]}},"_links":{"self":[{"href":"http:\/\/kspnszz.org\/index.php\/wp-json\/wp\/v2\/posts\/1380"}],"collection":[{"href":"http:\/\/kspnszz.org\/index.php\/wp-json\/wp\/v2\/posts"}],"about":[{"href":"http:\/\/kspnszz.org\/index.php\/wp-json\/wp\/v2\/types\/post"}],"author":[{"embeddable":true,"href":"http:\/\/kspnszz.org\/index.php\/wp-json\/wp\/v2\/users\/2"}],"replies":[{"embeddable":true,"href":"http:\/\/kspnszz.org\/index.php\/wp-json\/wp\/v2\/comments?post=1380"}],"version-history":[{"count":4,"href":"http:\/\/kspnszz.org\/index.php\/wp-json\/wp\/v2\/posts\/1380\/revisions"}],"predecessor-version":[{"id":1384,"href":"http:\/\/kspnszz.org\/index.php\/wp-json\/wp\/v2\/posts\/1380\/revisions\/1384"}],"wp:featuredmedia":[{"embeddable":true,"href":"http:\/\/kspnszz.org\/index.php\/wp-json\/wp\/v2\/media\/1377"}],"wp:attachment":[{"href":"http:\/\/kspnszz.org\/index.php\/wp-json\/wp\/v2\/media?parent=1380"}],"wp:term":[{"taxonomy":"category","embeddable":true,"href":"http:\/\/kspnszz.org\/index.php\/wp-json\/wp\/v2\/categories?post=1380"},{"taxonomy":"post_tag","embeddable":true,"href":"http:\/\/kspnszz.org\/index.php\/wp-json\/wp\/v2\/tags?post=1380"}],"curies":[{"name":"wp","href":"https:\/\/api.w.org\/{rel}","templated":true}]}}