{"id":1348,"date":"2016-07-15T12:23:31","date_gmt":"2016-07-15T10:23:31","guid":{"rendered":"http:\/\/kspnszz.org\/?p=1348"},"modified":"2016-07-15T23:27:28","modified_gmt":"2016-07-15T21:27:28","slug":"komunikat-z-posiedzenia-prezydium-ksp-w-dniu-12-lipca-2016-roku","status":"publish","type":"post","link":"http:\/\/kspnszz.org\/index.php\/2016\/07\/15\/komunikat-z-posiedzenia-prezydium-ksp-w-dniu-12-lipca-2016-roku\/","title":{"rendered":"Komunikat z posiedzenia Prezydium KSP w dniu 12 lipca 2016 roku"},"content":{"rendered":"<p>W dniu 12 lipca 2016 r.\u00a0 w\u00a0 Jednostce Ratowniczo-Ga\u015bniczej nr 17\u00a0 w Warszawie odby\u0142o si\u0119 posiedzenie Prezydium Krajowej Sekcji Po\u017carnictwa NSZZ \u201dSolidarno\u015b\u0107\u201d poszerzone o przewodnicz\u0105cych sekcji wojew\u00f3dzkich. W trakcie spotkania om\u00f3wiono nast\u0119puj\u0105ce sprawy:<\/p>\n<ol>\n<li><strong>Om\u00f3wienie spraw wewn\u0119trznych Sekcji:<\/strong><\/li>\n<\/ol>\n<p>Prezydium om\u00f3wi\u0142o przebieg Rady Krajowej Sekcji Po\u017carnictwa NSZZ\u201dSolidarno\u015b\u0107\u201d<br \/>\nw Tylnej G\u00f3rze oraz nieformalne spotkanie kilku cz\u0142onk\u00f3w Rady, kt\u00f3re mia\u0142o miejsce<br \/>\nw Kielcach w dniu 5 lipca br. Cz\u0142onkowie Prezydium oraz przewodnicz\u0105cy struktur wojew\u00f3dzkich przedstawili swoje zdanie, stwierdzaj\u0105c, \u017ce dzia\u0142alno\u015b\u0107 struktur zwi\u0105zku<br \/>\njest jasno okre\u015blona przez Statut Zwi\u0105zku oraz stosowne uchwa\u0142y i regulaminy.<br \/>\nTe struktury s\u0105 prawnymi i w\u0142a\u015bciwymi miejscami do podejmowania decyzji<br \/>\nw sprawach zwi\u0105zkowych. Miejscami w\u0142a\u015bciwymi do wymiany pogl\u0105d\u00f3w i ustalania strategii dzia\u0142ania s\u0105 Rada Sekcji czy Prezydium \u00a0\u00a0Przypomniano,<br \/>\n\u017ce podstawowym zadaniem zwi\u0105zku zawodowego jest realizacja statutowych zada\u0144, czyli walki o wynagrodzenia, w\u0142a\u015bciwe warunki s\u0142u\u017cby oraz rozwi\u0105zywanie problem\u00f3w w jednostkach organizacyjnych w przypadku niew\u0142a\u015bciwego traktowania stra\u017cak\u00f3w czy pracownik\u00f3w a nie za\u0142atwianie partykularnych interes\u00f3w. W czasie dyskusji \u00a0zwr\u00f3cono uwag\u0119, \u017ce w chwili obecnej nale\u017cy si\u0119 skupi\u0107 na projekcie ustawy modernizacyjnej, nowelizacji ustawy o PSP, nowelizacji przepisu kwalifikacyjnego<br \/>\ni p\u0142acowego oraz przepisu mundurowego. Przedstawiciele Sekcji bior\u0105 udzia\u0142<br \/>\nw\u00a0 zespo\u0142ach Komendanta G\u0142\u00f3wnego PSP ds. czasu s\u0142u\u017cby, umundurowania oraz doskonalenia zawodowego i reprezentujc stanowisko naszego zwi\u0105zku. Jako zwi\u0105zek bierzemy udzia\u0142 w grupach roboczych MSWiA ds. nadgodzin; rozliczania ubezpiecze\u0144 spo\u0142ecznych za funkcjonariuszy odchodz\u0105cych ze s\u0142u\u017cby bez uprawnie\u0144 emerytalnych i rentowych, ds. rozliczania L-4 oraz ds. ustawy modernizacyjnej.<\/p>\n<p>W czasie dyskusji udzielono Przewodnicz\u0105cemu pe\u0142nego poparcia uznaj\u0105c, \u017ce nie ma powod\u00f3w do pos\u0105dzania Przewodnicz\u0105cego o brak realizacji na\u0142o\u017conych zada\u0144. Wielokrotnie wskazano, \u017ce nieformalne spotkania tworz\u0105 niepotrzebnie z\u0142\u0105 atmosfer\u0119, maj\u0105 charakter obmawiania, rozbijaj\u0105 jedno\u015b\u0107 i s\u0105 przyczynkiem do os\u0142abienia pozycji negocjacyjnej Krajowej Sekcji Po\u017carnictwa NSZZ\u201dSolidarno\u015b\u0107\u201d. Zwr\u00f3cono te\u017c uwag\u0119 na inne aspekty zewn\u0119trznych zagro\u017ce\u0144.<\/p>\n<p>&nbsp;<\/p>\n<p>Podobnie\u00a0 uznano, \u017ce nawo\u0142ywanie do zwo\u0142ania Nadzwyczajnego Walnego Zebrania Delegat\u00f3w jest nieodpowiedzialne i bezpodstawne. Przypomniano, \u017ce wniosek taki zosta\u0142 postawiony na Radzie Sekcji 20 czerwca br. w Tylnej G\u00f3rze i upad\u0142 on znacz\u0105c\u0105 liczb\u0105 g\u0142os\u00f3w. W zwi\u0105zku z powy\u017cszym Prezydium Sekcji po konsultacji<br \/>\nz przewodnicz\u0105cymi struktur wojew\u00f3dzkich przyj\u0119\u0142o Stanowisko ws. zasad reprezentacji organ\u00f3w KSP NSZZ\u201dSolidarno\u015b\u0107\u201d (przyj\u0119te jednog\u0142o\u015bnie) oraz decyzj\u0119 ws. zwo\u0142ania Nadzwyczajnego Walnego Zebrania Delegat\u00f3w KSP NSZZ\u201dSolidarno\u015b\u0107\u201d (przyj\u0119te przy jednym g\u0142osie wstrzymuj\u0105cym si\u0119).<\/p>\n<ol start=\"2\">\n<li><strong>Om\u00f3wienie projektu Stanowiska Sekcji ws. minimalnych obsad zmian s\u0142u\u017cbowych:<\/strong><\/li>\n<\/ol>\n<p>W czasie spotkania om\u00f3wiono projekt Stanowiska ws. minimalnych obsad zmian s\u0142u\u017cbowych. Po wprowadzeniu poprawek upowa\u017cniono Przewodnicz\u0105cego do jego opublikowania. Uznano, \u017ce konieczne jest wyst\u0105pienie o zwi\u0119kszenie minimalnych obsad zmian s\u0142u\u017cbowych, poniewa\u017c w ci\u0105gu ostatnich 10 lat zwi\u0119kszy\u0142a si\u0119 liczba obs\u0142ugiwanych zdarze\u0144 oraz ich charakter z pojedynczych na masowe. Ponadto wydarzenia te posiadaj\u0105 coraz bardziej skomplikowane formy a tak\u017ce wyst\u0119puje<br \/>\nw nich coraz wi\u0119cej substancji lub zwi\u0105zk\u00f3w niebezpiecznych.<\/p>\n<ol start=\"3\">\n<li><strong>Przyj\u0119cie stanowiska ws projektu ustawy modernizacyjnej<\/strong><\/li>\n<\/ol>\n<p>Prezydium om\u00f3wi\u0142o rozmowy odbywaj\u0105ce si\u0119 w grupie roboczej Forum Dialogu Spo\u0142ecznego przy Ministrze Spraw Wewn\u0119trznych i Administracji ws. ostatecznego kszta\u0142tu projektu ustawy modernizacyjnej. Prezydium oraz przewodnicz\u0105cy wskazali, \u017ce \u015brodki na planowane podwy\u017cki nie spe\u0142niaj\u0105 oczekiwa\u0144 stra\u017cak\u00f3w i pracownik\u00f3w PSP jednak s\u0105 pierwszymi planowanymi \u015brodkami w spos\u00f3b d\u0142ugoterminowy. Upowa\u017cnili r\u00f3wnie\u017c przedstawicieli Krajowej Sekcji Po\u017carnictwa NSZZ\u201dSolidarno\u015b\u0107\u201d<br \/>\nw Radzie Dialogu Spo\u0142ecznego przy Prezydencie RP do\u00a0 podtrzymania Opinii KSP NSZZ\u201dSolidarno\u015b\u0107\u201d wskazuj\u0105cej ra\u017c\u0105c\u0105 dysproporcj\u0119 w projekcie ustawy modernizacyjnej pomi\u0119dzy \u015brodkami brutto na PSP a \u015brodkami planowanymi dla OSP<br \/>\ni innych organizacji pomocowych.\u00a0 Wskazano i\u017c dochodzi do sytuacji w kt\u00f3rych jednostki ochotniczej stra\u017cy po\u017carnej posiadaj\u0105 m\u0142odszy i lepszy sprz\u0119t ni\u017c zawodowe jednostki PSP, co powoduje znacz\u0105c\u0105 frustracj\u0119. Wskazano r\u00f3wnie\u017c, \u017ce PSP posiada mniejsze mo\u017cliwo\u015bci pozyskiwania \u015brodk\u00f3w pozabud\u017cetowych ni\u017c stowarzyszenia.<\/p>\n<p>&nbsp;<\/p>\n<p>&nbsp;<\/p>\n<p>&nbsp;<\/p>\n<p>&nbsp;<\/p>\n<p>&nbsp;<\/p>\n<ol start=\"4\">\n<li><strong>Spotkanie z Komendantem G\u0142\u00f3wnym PSP<\/strong><\/li>\n<\/ol>\n<p>Na posiedzenie Prezydium w imieniu Komendanta G\u0142\u00f3wnego PSP przyby\u0142<br \/>\nst.bryg. Marek Jasi\u0144ski \u2013 zast\u0119pca Komendanta G\u0142\u00f3wnego PSP. W czasie rozmowy przedyskutowano stanowisko Komendanta G\u0142\u00f3wnego\u00a0 PSP do projektu ustawy modernizacyjnej. Ponadto om\u00f3wiono post\u0119py prac zespo\u0142u ds. umundurowania oraz przygotowania projektu rozporz\u0105dzenia<br \/>\no umundurowaniu.\u00a0 Zast\u0119pca Komendanta G\u0142\u00f3wnego PSP odpowiedzia\u0142 r\u00f3wnie\u017c na szereg pyta\u0144 zadanych podczas spotkania w tym na kwestie zbieranych informacji<br \/>\nz jednostek organizacyjnych PSP takich jak wielko\u015bci posiadanych budynk\u00f3w i ich umocowania prawnego. Zast\u0119pca Komendanta G\u0142\u00f3wnego PSP wyja\u015bni\u0142, \u017ce do tej pory nie by\u0142o bazy dotycz\u0105cej praw w\u0142asno\u015bci obiekt\u00f3w, ich wielko\u015bci oraz posiadanych teren\u00f3w. Przedstawiciele KSP NSZZ\u201dSolidarno\u015b\u0107\u201d zwr\u00f3cili uwag\u0119 na coraz cz\u0119stsze si\u0119ganie po stra\u017cak\u00f3w w przypadku braku mo\u017cliwo\u015bci przybycia jednostek PRM. Wskazano przy tym na konieczno\u015b\u0107 zweryfikowania procedur wysy\u0142ania jednostek do takich zdarze\u0144, poniewa\u017c obecny system jest bardzo kosztowny dla jednostek PSP<br \/>\na tak\u017ce w spos\u00f3b znacz\u0105cy os\u0142abia zabezpieczenie terenu chronionego przed dan\u0105 jednostk\u0119. Zwr\u00f3cono uwag\u0119 na konieczno\u015b\u0107 przeanalizowania tych wydarze\u0144<br \/>\ni zasadno\u015bci dysponowania jednostek PSP przez WCPR-y do zas\u0142abni\u0119\u0107 w miejscach publicznych itp. wydarze\u0144.\u00a0 Om\u00f3wiono r\u00f3wnie\u017c kwestie wyjazd\u00f3w do tzw. zg\u0142osze\u0144<br \/>\nz monitoringu. Poinformowano Zast\u0119pc\u0119 Komendanta G\u0142\u00f3wnego PSP, \u017ce takie wezwania s\u0105 nagminne ze wzgl\u0119d\u00f3w r\u00f3\u017cnych: obs\u0142uga nie potrafi w spos\u00f3b w\u0142a\u015bciwy obs\u0142u\u017cy\u0107 urz\u0105dze\u0144 lub nie zd\u0105\u017caj\u0105 we w\u0142a\u015bciwym czasie zlokalizowa\u0107 wezwania czujek. Bardzo cz\u0119sto monitoring jest \u017ale konserwowany i z tego powodu wywo\u0142uje fa\u0142szywe alarmy. Najtrudniejszymi dla stra\u017cak\u00f3w jest monitoring bez dozoru. Wszystkie te przypadki wywo\u0142uj\u0105 konieczno\u015b\u0107 wyjazdu stosownej liczby pojazd\u00f3w zgodnie z opracowanymi procedurami, a co za tym idzie jednostki ponosz\u0105 znacz\u0105ce koszty. Przedstawiciele KSP NSZZ\u201dSolidarno\u015b\u0107\u201d wyst\u0105pili z wnioskiem dwutorowego rozwi\u0105zania sprawy: zmiany procedur wyjazd\u00f3w do takich zdarze\u0144 (np. sekcja rozpoznawcza zamiast dw\u00f3ch lub czterech sekcji) jak r\u00f3wnie\u017c stworzenia systemu sankcji finansowych dla w\u0142a\u015bcicieli monitoringu, kt\u00f3ry jest wadliwy lub \u017ale konserwowany albo obs\u0142uga kt\u00f3ra powinna go obs\u0142ugiwa\u0107 tego nie potrafi. W czasie spotkania zwr\u00f3cono si\u0119 z pytaniem \u2013 gdzie mo\u017cna zwr\u00f3ci\u0107 amfibie, kt\u00f3re zosta\u0142y zakupione w 2015 roku jako zakup centralny poniewa\u017c nie spe\u0142niaj\u0105 one podstawowych wymog\u00f3w bezpiecze\u0144stwa ich obs\u0142ugi, s\u0105 niestabilne, awaryjne i trudne w obs\u0142udze. Zast\u0119pca Komendanta G\u0142\u00f3wnego PSP st.bryg. Marek Jasi\u0144ski poinformowa\u0142, \u017ce zakup amfibii jest przedmiotem kontroli wewn\u0119trznej.<\/p>\n<p>Poni\u017cej Orygina\u0142 Komunikatu, wraz ze stanowiskiem i decyzjj\u0105 Prezydium KSP:<\/p>\n<p><a href=\"http:\/\/kspnszz.org\/wp-content\/uploads\/2016\/07\/Komunikat-Prezydium-KSP-12VII2016.pdf\">KOMUNIKAT<\/a><\/p>\n<p><a href=\"http:\/\/kspnszz.org\/wp-content\/uploads\/2016\/07\/Stanowisko-ws-zasad-reprezentacji.pdf\">STANOWISKO PREZYDIUM WS. REPREZENTOWANIA KSP<\/a><\/p>\n<p><a href=\"http:\/\/kspnszz.org\/wp-content\/uploads\/2016\/07\/decyzja-ws-zwo\u0142ania-NWZD.pdf\">DECYZJA W SPRAWIE WALNEGO ZEBRANIA<\/a><\/p>\n<p>&nbsp;<\/p>\n<div id='gallery-1' class='gallery galleryid-1348 gallery-columns-3 gallery-size-thumbnail'><figure class='gallery-item'>\n\t\t\t<div class='gallery-icon landscape'>\n\t\t\t\t<a href='http:\/\/kspnszz.org\/wp-content\/uploads\/2016\/07\/DSC_7209.jpg' title=\"\" data-rl_title=\"\" class=\"rl-gallery-link\" data-rl_caption=\"\" data-rel=\"lightbox-gallery-1\"><img loading=\"lazy\" decoding=\"async\" width=\"150\" height=\"150\" src=\"http:\/\/kspnszz.org\/wp-content\/uploads\/2016\/07\/DSC_7209-150x150.jpg\" class=\"attachment-thumbnail size-thumbnail\" alt=\"\" \/><\/a>\n\t\t\t<\/div><\/figure><figure class='gallery-item'>\n\t\t\t<div class='gallery-icon landscape'>\n\t\t\t\t<a href='http:\/\/kspnszz.org\/wp-content\/uploads\/2016\/07\/DSC_7208.jpg' title=\"\" data-rl_title=\"\" class=\"rl-gallery-link\" data-rl_caption=\"\" data-rel=\"lightbox-gallery-1\"><img loading=\"lazy\" decoding=\"async\" width=\"150\" height=\"150\" src=\"http:\/\/kspnszz.org\/wp-content\/uploads\/2016\/07\/DSC_7208-150x150.jpg\" class=\"attachment-thumbnail size-thumbnail\" alt=\"\" \/><\/a>\n\t\t\t<\/div><\/figure><figure class='gallery-item'>\n\t\t\t<div class='gallery-icon landscape'>\n\t\t\t\t<a href='http:\/\/kspnszz.org\/wp-content\/uploads\/2016\/07\/DSC_7211.jpg' title=\"\" data-rl_title=\"\" class=\"rl-gallery-link\" data-rl_caption=\"\" data-rel=\"lightbox-gallery-1\"><img loading=\"lazy\" decoding=\"async\" width=\"150\" height=\"150\" src=\"http:\/\/kspnszz.org\/wp-content\/uploads\/2016\/07\/DSC_7211-150x150.jpg\" class=\"attachment-thumbnail size-thumbnail\" alt=\"\" \/><\/a>\n\t\t\t<\/div><\/figure>\n\t\t<\/div>\n\n","protected":false},"excerpt":{"rendered":"<p>W dniu 12 lipca 2016 r.\u00a0 w\u00a0 Jednostce Ratowniczo-Ga\u015bniczej nr 17\u00a0 w Warszawie odby\u0142o si\u0119 posiedzenie Prezydium Krajowej Sekcji Po\u017carnictwa NSZZ \u201dSolidarno\u015b\u0107\u201d poszerzone o przewodnicz\u0105cych sekcji wojew\u00f3dzkich. W trakcie spotkania om\u00f3wiono nast\u0119puj\u0105ce sprawy: Om\u00f3wienie spraw wewn\u0119trznych Sekcji: Prezydium om\u00f3wi\u0142o przebieg Rady Krajowej Sekcji Po\u017carnictwa NSZZ\u201dSolidarno\u015b\u0107\u201d w Tylnej G\u00f3rze oraz nieformalne spotkanie kilku cz\u0142onk\u00f3w Rady, kt\u00f3re &hellip;<\/p>\n","protected":false},"author":2,"featured_media":1353,"comment_status":"closed","ping_status":"closed","sticky":false,"template":"","format":"standard","meta":{"footnotes":""},"categories":[2,3,6],"tags":[48],"yoast_head":"<!-- This site is optimized with the Yoast SEO plugin v22.7 - https:\/\/yoast.com\/wordpress\/plugins\/seo\/ -->\n<title>Komunikat z posiedzenia Prezydium KSP w dniu 12 lipca 2016 roku - KSPNSZZ<\/title>\n<meta name=\"robots\" content=\"index, follow, max-snippet:-1, max-image-preview:large, max-video-preview:-1\" \/>\n<link rel=\"canonical\" href=\"http:\/\/kspnszz.org\/index.php\/2016\/07\/15\/komunikat-z-posiedzenia-prezydium-ksp-w-dniu-12-lipca-2016-roku\/\" \/>\n<meta property=\"og:locale\" content=\"pl_PL\" \/>\n<meta property=\"og:type\" content=\"article\" \/>\n<meta property=\"og:title\" content=\"Komunikat z posiedzenia Prezydium KSP w dniu 12 lipca 2016 roku - KSPNSZZ\" \/>\n<meta property=\"og:description\" content=\"W dniu 12 lipca 2016 r.\u00a0 w\u00a0 Jednostce Ratowniczo-Ga\u015bniczej nr 17\u00a0 w Warszawie odby\u0142o si\u0119 posiedzenie Prezydium Krajowej Sekcji Po\u017carnictwa NSZZ \u201dSolidarno\u015b\u0107\u201d poszerzone o przewodnicz\u0105cych sekcji wojew\u00f3dzkich. W trakcie spotkania om\u00f3wiono nast\u0119puj\u0105ce sprawy: Om\u00f3wienie spraw wewn\u0119trznych Sekcji: Prezydium om\u00f3wi\u0142o przebieg Rady Krajowej Sekcji Po\u017carnictwa NSZZ\u201dSolidarno\u015b\u0107\u201d w Tylnej G\u00f3rze oraz nieformalne spotkanie kilku cz\u0142onk\u00f3w Rady, kt\u00f3re &hellip;\" \/>\n<meta property=\"og:url\" content=\"http:\/\/kspnszz.org\/index.php\/2016\/07\/15\/komunikat-z-posiedzenia-prezydium-ksp-w-dniu-12-lipca-2016-roku\/\" \/>\n<meta property=\"og:site_name\" content=\"KSPNSZZ\" \/>\n<meta property=\"article:published_time\" content=\"2016-07-15T10:23:31+00:00\" \/>\n<meta property=\"article:modified_time\" content=\"2016-07-15T21:27:28+00:00\" \/>\n<meta property=\"og:image\" content=\"http:\/\/kspnszz.org\/wp-content\/uploads\/2016\/07\/DSC_7209-1024x685.jpg\" \/>\n\t<meta property=\"og:image:width\" content=\"1024\" \/>\n\t<meta property=\"og:image:height\" content=\"685\" \/>\n\t<meta property=\"og:image:type\" content=\"image\/jpeg\" \/>\n<meta name=\"author\" content=\"bartlomiej\" \/>\n<meta name=\"twitter:card\" content=\"summary_large_image\" \/>\n<meta name=\"twitter:label1\" content=\"Napisane przez\" \/>\n\t<meta name=\"twitter:data1\" content=\"bartlomiej\" \/>\n\t<meta name=\"twitter:label2\" content=\"Szacowany czas czytania\" \/>\n\t<meta name=\"twitter:data2\" content=\"6 minut\" \/>\n<script type=\"application\/ld+json\" class=\"yoast-schema-graph\">{\"@context\":\"https:\/\/schema.org\",\"@graph\":[{\"@type\":\"WebPage\",\"@id\":\"http:\/\/kspnszz.org\/index.php\/2016\/07\/15\/komunikat-z-posiedzenia-prezydium-ksp-w-dniu-12-lipca-2016-roku\/\",\"url\":\"http:\/\/kspnszz.org\/index.php\/2016\/07\/15\/komunikat-z-posiedzenia-prezydium-ksp-w-dniu-12-lipca-2016-roku\/\",\"name\":\"Komunikat z posiedzenia Prezydium KSP w dniu 12 lipca 2016 roku - KSPNSZZ\",\"isPartOf\":{\"@id\":\"https:\/\/kspnszz.org\/#website\"},\"primaryImageOfPage\":{\"@id\":\"http:\/\/kspnszz.org\/index.php\/2016\/07\/15\/komunikat-z-posiedzenia-prezydium-ksp-w-dniu-12-lipca-2016-roku\/#primaryimage\"},\"image\":{\"@id\":\"http:\/\/kspnszz.org\/index.php\/2016\/07\/15\/komunikat-z-posiedzenia-prezydium-ksp-w-dniu-12-lipca-2016-roku\/#primaryimage\"},\"thumbnailUrl\":\"http:\/\/kspnszz.org\/wp-content\/uploads\/2016\/07\/DSC_7209.jpg\",\"datePublished\":\"2016-07-15T10:23:31+00:00\",\"dateModified\":\"2016-07-15T21:27:28+00:00\",\"author\":{\"@id\":\"https:\/\/kspnszz.org\/#\/schema\/person\/31096cf196f706ef50ecbd878903cc13\"},\"breadcrumb\":{\"@id\":\"http:\/\/kspnszz.org\/index.php\/2016\/07\/15\/komunikat-z-posiedzenia-prezydium-ksp-w-dniu-12-lipca-2016-roku\/#breadcrumb\"},\"inLanguage\":\"pl-PL\",\"potentialAction\":[{\"@type\":\"ReadAction\",\"target\":[\"http:\/\/kspnszz.org\/index.php\/2016\/07\/15\/komunikat-z-posiedzenia-prezydium-ksp-w-dniu-12-lipca-2016-roku\/\"]}]},{\"@type\":\"ImageObject\",\"inLanguage\":\"pl-PL\",\"@id\":\"http:\/\/kspnszz.org\/index.php\/2016\/07\/15\/komunikat-z-posiedzenia-prezydium-ksp-w-dniu-12-lipca-2016-roku\/#primaryimage\",\"url\":\"http:\/\/kspnszz.org\/wp-content\/uploads\/2016\/07\/DSC_7209.jpg\",\"contentUrl\":\"http:\/\/kspnszz.org\/wp-content\/uploads\/2016\/07\/DSC_7209.jpg\",\"width\":3872,\"height\":2592},{\"@type\":\"BreadcrumbList\",\"@id\":\"http:\/\/kspnszz.org\/index.php\/2016\/07\/15\/komunikat-z-posiedzenia-prezydium-ksp-w-dniu-12-lipca-2016-roku\/#breadcrumb\",\"itemListElement\":[{\"@type\":\"ListItem\",\"position\":1,\"name\":\"Strona g\u0142\u00f3wna\",\"item\":\"https:\/\/kspnszz.org\/\"},{\"@type\":\"ListItem\",\"position\":2,\"name\":\"Komunikat z posiedzenia Prezydium KSP w dniu 12 lipca 2016 roku\"}]},{\"@type\":\"WebSite\",\"@id\":\"https:\/\/kspnszz.org\/#website\",\"url\":\"https:\/\/kspnszz.org\/\",\"name\":\"KSPNSZZ\",\"description\":\"Krajowa Sekcja Po\u017carnictwa\",\"potentialAction\":[{\"@type\":\"SearchAction\",\"target\":{\"@type\":\"EntryPoint\",\"urlTemplate\":\"https:\/\/kspnszz.org\/?s={search_term_string}\"},\"query-input\":\"required name=search_term_string\"}],\"inLanguage\":\"pl-PL\"},{\"@type\":\"Person\",\"@id\":\"https:\/\/kspnszz.org\/#\/schema\/person\/31096cf196f706ef50ecbd878903cc13\",\"name\":\"bartlomiej\",\"image\":{\"@type\":\"ImageObject\",\"inLanguage\":\"pl-PL\",\"@id\":\"https:\/\/kspnszz.org\/#\/schema\/person\/image\/\",\"url\":\"http:\/\/0.gravatar.com\/avatar\/cb681656f150968eb94b73c62cf58e52?s=96&d=mm&r=g\",\"contentUrl\":\"http:\/\/0.gravatar.com\/avatar\/cb681656f150968eb94b73c62cf58e52?s=96&d=mm&r=g\",\"caption\":\"bartlomiej\"},\"url\":\"http:\/\/kspnszz.org\/index.php\/author\/bartlomiej\/\"}]}<\/script>\n<!-- \/ Yoast SEO plugin. -->","yoast_head_json":{"title":"Komunikat z posiedzenia Prezydium KSP w dniu 12 lipca 2016 roku - KSPNSZZ","robots":{"index":"index","follow":"follow","max-snippet":"max-snippet:-1","max-image-preview":"max-image-preview:large","max-video-preview":"max-video-preview:-1"},"canonical":"http:\/\/kspnszz.org\/index.php\/2016\/07\/15\/komunikat-z-posiedzenia-prezydium-ksp-w-dniu-12-lipca-2016-roku\/","og_locale":"pl_PL","og_type":"article","og_title":"Komunikat z posiedzenia Prezydium KSP w dniu 12 lipca 2016 roku - KSPNSZZ","og_description":"W dniu 12 lipca 2016 r.\u00a0 w\u00a0 Jednostce Ratowniczo-Ga\u015bniczej nr 17\u00a0 w Warszawie odby\u0142o si\u0119 posiedzenie Prezydium Krajowej Sekcji Po\u017carnictwa NSZZ \u201dSolidarno\u015b\u0107\u201d poszerzone o przewodnicz\u0105cych sekcji wojew\u00f3dzkich. W trakcie spotkania om\u00f3wiono nast\u0119puj\u0105ce sprawy: Om\u00f3wienie spraw wewn\u0119trznych Sekcji: Prezydium om\u00f3wi\u0142o przebieg Rady Krajowej Sekcji Po\u017carnictwa NSZZ\u201dSolidarno\u015b\u0107\u201d w Tylnej G\u00f3rze oraz nieformalne spotkanie kilku cz\u0142onk\u00f3w Rady, kt\u00f3re &hellip;","og_url":"http:\/\/kspnszz.org\/index.php\/2016\/07\/15\/komunikat-z-posiedzenia-prezydium-ksp-w-dniu-12-lipca-2016-roku\/","og_site_name":"KSPNSZZ","article_published_time":"2016-07-15T10:23:31+00:00","article_modified_time":"2016-07-15T21:27:28+00:00","og_image":[{"width":1024,"height":685,"url":"http:\/\/kspnszz.org\/wp-content\/uploads\/2016\/07\/DSC_7209-1024x685.jpg","type":"image\/jpeg"}],"author":"bartlomiej","twitter_card":"summary_large_image","twitter_misc":{"Napisane przez":"bartlomiej","Szacowany czas czytania":"6 minut"},"schema":{"@context":"https:\/\/schema.org","@graph":[{"@type":"WebPage","@id":"http:\/\/kspnszz.org\/index.php\/2016\/07\/15\/komunikat-z-posiedzenia-prezydium-ksp-w-dniu-12-lipca-2016-roku\/","url":"http:\/\/kspnszz.org\/index.php\/2016\/07\/15\/komunikat-z-posiedzenia-prezydium-ksp-w-dniu-12-lipca-2016-roku\/","name":"Komunikat z posiedzenia Prezydium KSP w dniu 12 lipca 2016 roku - KSPNSZZ","isPartOf":{"@id":"https:\/\/kspnszz.org\/#website"},"primaryImageOfPage":{"@id":"http:\/\/kspnszz.org\/index.php\/2016\/07\/15\/komunikat-z-posiedzenia-prezydium-ksp-w-dniu-12-lipca-2016-roku\/#primaryimage"},"image":{"@id":"http:\/\/kspnszz.org\/index.php\/2016\/07\/15\/komunikat-z-posiedzenia-prezydium-ksp-w-dniu-12-lipca-2016-roku\/#primaryimage"},"thumbnailUrl":"http:\/\/kspnszz.org\/wp-content\/uploads\/2016\/07\/DSC_7209.jpg","datePublished":"2016-07-15T10:23:31+00:00","dateModified":"2016-07-15T21:27:28+00:00","author":{"@id":"https:\/\/kspnszz.org\/#\/schema\/person\/31096cf196f706ef50ecbd878903cc13"},"breadcrumb":{"@id":"http:\/\/kspnszz.org\/index.php\/2016\/07\/15\/komunikat-z-posiedzenia-prezydium-ksp-w-dniu-12-lipca-2016-roku\/#breadcrumb"},"inLanguage":"pl-PL","potentialAction":[{"@type":"ReadAction","target":["http:\/\/kspnszz.org\/index.php\/2016\/07\/15\/komunikat-z-posiedzenia-prezydium-ksp-w-dniu-12-lipca-2016-roku\/"]}]},{"@type":"ImageObject","inLanguage":"pl-PL","@id":"http:\/\/kspnszz.org\/index.php\/2016\/07\/15\/komunikat-z-posiedzenia-prezydium-ksp-w-dniu-12-lipca-2016-roku\/#primaryimage","url":"http:\/\/kspnszz.org\/wp-content\/uploads\/2016\/07\/DSC_7209.jpg","contentUrl":"http:\/\/kspnszz.org\/wp-content\/uploads\/2016\/07\/DSC_7209.jpg","width":3872,"height":2592},{"@type":"BreadcrumbList","@id":"http:\/\/kspnszz.org\/index.php\/2016\/07\/15\/komunikat-z-posiedzenia-prezydium-ksp-w-dniu-12-lipca-2016-roku\/#breadcrumb","itemListElement":[{"@type":"ListItem","position":1,"name":"Strona g\u0142\u00f3wna","item":"https:\/\/kspnszz.org\/"},{"@type":"ListItem","position":2,"name":"Komunikat z posiedzenia Prezydium KSP w dniu 12 lipca 2016 roku"}]},{"@type":"WebSite","@id":"https:\/\/kspnszz.org\/#website","url":"https:\/\/kspnszz.org\/","name":"KSPNSZZ","description":"Krajowa Sekcja Po\u017carnictwa","potentialAction":[{"@type":"SearchAction","target":{"@type":"EntryPoint","urlTemplate":"https:\/\/kspnszz.org\/?s={search_term_string}"},"query-input":"required name=search_term_string"}],"inLanguage":"pl-PL"},{"@type":"Person","@id":"https:\/\/kspnszz.org\/#\/schema\/person\/31096cf196f706ef50ecbd878903cc13","name":"bartlomiej","image":{"@type":"ImageObject","inLanguage":"pl-PL","@id":"https:\/\/kspnszz.org\/#\/schema\/person\/image\/","url":"http:\/\/0.gravatar.com\/avatar\/cb681656f150968eb94b73c62cf58e52?s=96&d=mm&r=g","contentUrl":"http:\/\/0.gravatar.com\/avatar\/cb681656f150968eb94b73c62cf58e52?s=96&d=mm&r=g","caption":"bartlomiej"},"url":"http:\/\/kspnszz.org\/index.php\/author\/bartlomiej\/"}]}},"_links":{"self":[{"href":"http:\/\/kspnszz.org\/index.php\/wp-json\/wp\/v2\/posts\/1348"}],"collection":[{"href":"http:\/\/kspnszz.org\/index.php\/wp-json\/wp\/v2\/posts"}],"about":[{"href":"http:\/\/kspnszz.org\/index.php\/wp-json\/wp\/v2\/types\/post"}],"author":[{"embeddable":true,"href":"http:\/\/kspnszz.org\/index.php\/wp-json\/wp\/v2\/users\/2"}],"replies":[{"embeddable":true,"href":"http:\/\/kspnszz.org\/index.php\/wp-json\/wp\/v2\/comments?post=1348"}],"version-history":[{"count":2,"href":"http:\/\/kspnszz.org\/index.php\/wp-json\/wp\/v2\/posts\/1348\/revisions"}],"predecessor-version":[{"id":1355,"href":"http:\/\/kspnszz.org\/index.php\/wp-json\/wp\/v2\/posts\/1348\/revisions\/1355"}],"wp:featuredmedia":[{"embeddable":true,"href":"http:\/\/kspnszz.org\/index.php\/wp-json\/wp\/v2\/media\/1353"}],"wp:attachment":[{"href":"http:\/\/kspnszz.org\/index.php\/wp-json\/wp\/v2\/media?parent=1348"}],"wp:term":[{"taxonomy":"category","embeddable":true,"href":"http:\/\/kspnszz.org\/index.php\/wp-json\/wp\/v2\/categories?post=1348"},{"taxonomy":"post_tag","embeddable":true,"href":"http:\/\/kspnszz.org\/index.php\/wp-json\/wp\/v2\/tags?post=1348"}],"curies":[{"name":"wp","href":"https:\/\/api.w.org\/{rel}","templated":true}]}}